
{"id":45494,"date":"2014-12-22T19:30:59","date_gmt":"2014-12-22T22:30:59","guid":{"rendered":"http:\/\/www.sudoestehoje.com.br\/novoportal\/?p=45494"},"modified":"2014-12-22T19:38:52","modified_gmt":"2014-12-22T22:38:52","slug":"tre-totaliza-votos-de-herzem-gusmao","status":"publish","type":"post","link":"https:\/\/www.sudoestehoje.com.br\/novoportal\/2014\/12\/22\/tre-totaliza-votos-de-herzem-gusmao\/","title":{"rendered":"TRE TOTALIZA VOTOS DE HERZEM GUSM\u00c3O"},"content":{"rendered":"<p><a href=\"http:\/\/www.sudoestehoje.com.br\/novoportal\/wp-content\/uploads\/2014\/12\/GUSMAO.jpg\"><img loading=\"lazy\" decoding=\"async\" class=\"aligncenter size-medium wp-image-45496\" src=\"http:\/\/www.sudoestehoje.com.br\/novoportal\/wp-content\/uploads\/2014\/12\/GUSMAO-500x333.jpg\" alt=\"GUSMAO\" width=\"500\" height=\"333\" srcset=\"https:\/\/www.sudoestehoje.com.br\/novoportal\/wp-content\/uploads\/2014\/12\/GUSMAO-500x333.jpg 500w, https:\/\/www.sudoestehoje.com.br\/novoportal\/wp-content\/uploads\/2014\/12\/GUSMAO-150x100.jpg 150w, https:\/\/www.sudoestehoje.com.br\/novoportal\/wp-content\/uploads\/2014\/12\/GUSMAO.jpg 600w\" sizes=\"auto, (max-width: 500px) 100vw, 500px\" \/><\/a><\/p>\n<p>Respons\u00e1vel pela proclama\u00e7\u00e3o do resultado das elei\u00e7\u00f5es, o Tribunal Regional Eleitoral da Bahia (TRE-BA) referendou, por unanimidade, na \u00faltima quinta-feira (18), a decis\u00e3o do presidente da Comiss\u00e3o Apuradora, Juiz Carlos d\u2019\u00c1vila Teixeira, que determinou a retotaliza\u00e7\u00e3o dos votos para o cargo de deputado estadual.<\/p>\n<p>A a\u00e7\u00e3o foi uma medida tomada pelo magistrado para viabilizar a execu\u00e7\u00e3o de decis\u00e3o liminar do Ministro Admar Gonzaga, do Tribunal Superior Eleitoral (TSE), que validou 40.876 votos destinados ao candidato Herzem Gusm\u00e3o Pereira (PMDB), alterando a sua situa\u00e7\u00e3o para <em>\u201cdeferido com recurso\u201d.<\/em>Mesmo com a valida\u00e7\u00e3o dos votos do pemedebista, que ampliou de 462.309 para 503.185 o n\u00famero de votos nominais do PMDB, Herzem alcan\u00e7ou a condi\u00e7\u00e3o de primeiro suplente da coliga\u00e7\u00e3o <em>\u201cUnidos Para Uma Bahia Melhor\u201d<\/em> (DEM\/PMDB\/PSDB\/PTN\/SD\/PROS\/PRB\/PSC).<\/p>\n<p>Na Resenha Geral desta segunda-feira (22), programa comandado pelo peemedebista h\u00e1 quatro d\u00e9cadas, crist\u00e3o, ele disse que est\u00e1 em ora\u00e7\u00e3o. <em>\u201cEu tenho muita confian\u00e7a que eu vou exercer o meu mandato de deputado que Vit\u00f3ria da Conquista me deu e a regi\u00e3o Sudoeste. Tenho convic\u00e7\u00e3o, eu tenho f\u00e9 que eu irei desenvolver este mandato que Conquista e a regi\u00e3o me deram\u201d,<\/em> declarou. A depender dos embara\u00e7os judiciais, Herzem, que dever\u00e1 aliar-se ao deputado estadual Jean Fabr\u00edcio Falc\u00e3o (PCdoB), chega com for\u00e7a nas pr\u00f3ximas elei\u00e7\u00f5es municipais, quando encerra quarto mandato do prefeito Guilherme Menezes de Andrade, do Partido dos Trabalhadores. <em>Blog do Anderson<\/em><\/p>\n<p><img decoding=\"async\" class=\"aligncenter\" src=\"http:\/\/www.sudoestehoje.com.br\/novoportal\/wp-content\/uploads\/2014\/12\/skala-novo.jpg\" alt=\"skala novo\" \/><\/p>\n","protected":false},"excerpt":{"rendered":"<p>Respons\u00e1vel pela proclama\u00e7\u00e3o do resultado das elei\u00e7\u00f5es, o Tribunal Regional Eleitoral da Bahia (TRE-BA) referendou, por unanimidade, na \u00faltima quinta-feira (18), a decis\u00e3o do presidente da Comiss\u00e3o Apuradora, Juiz Carlos d\u2019\u00c1vila Teixeira, que determinou a retotaliza\u00e7\u00e3o dos votos para o cargo de deputado estadual. A a\u00e7\u00e3o foi uma medida tomada pelo magistrado para viabilizar a [&hellip;]<\/p>\n","protected":false},"author":2,"featured_media":0,"comment_status":"open","ping_status":"open","sticky":false,"template":"","format":"standard","meta":{"footnotes":"","_links_to":"","_links_to_target":""},"categories":[1],"tags":[],"class_list":["post-45494","post","type-post","status-publish","format-standard","hentry","category-geral"],"views":1249,"_links":{"self":[{"href":"https:\/\/www.sudoestehoje.com.br\/novoportal\/wp-json\/wp\/v2\/posts\/45494","targetHints":{"allow":["GET"]}}],"collection":[{"href":"https:\/\/www.sudoestehoje.com.br\/novoportal\/wp-json\/wp\/v2\/posts"}],"about":[{"href":"https:\/\/www.sudoestehoje.com.br\/novoportal\/wp-json\/wp\/v2\/types\/post"}],"author":[{"embeddable":true,"href":"https:\/\/www.sudoestehoje.com.br\/novoportal\/wp-json\/wp\/v2\/users\/2"}],"replies":[{"embeddable":true,"href":"https:\/\/www.sudoestehoje.com.br\/novoportal\/wp-json\/wp\/v2\/comments?post=45494"}],"version-history":[{"count":4,"href":"https:\/\/www.sudoestehoje.com.br\/novoportal\/wp-json\/wp\/v2\/posts\/45494\/revisions"}],"predecessor-version":[{"id":45499,"href":"https:\/\/www.sudoestehoje.com.br\/novoportal\/wp-json\/wp\/v2\/posts\/45494\/revisions\/45499"}],"wp:attachment":[{"href":"https:\/\/www.sudoestehoje.com.br\/novoportal\/wp-json\/wp\/v2\/media?parent=45494"}],"wp:term":[{"taxonomy":"category","embeddable":true,"href":"https:\/\/www.sudoestehoje.com.br\/novoportal\/wp-json\/wp\/v2\/categories?post=45494"},{"taxonomy":"post_tag","embeddable":true,"href":"https:\/\/www.sudoestehoje.com.br\/novoportal\/wp-json\/wp\/v2\/tags?post=45494"}],"curies":[{"name":"wp","href":"https:\/\/api.w.org\/{rel}","templated":true}]}}