
{"id":45489,"date":"2014-12-22T19:16:41","date_gmt":"2014-12-22T22:16:41","guid":{"rendered":"http:\/\/www.sudoestehoje.com.br\/novoportal\/?p=45489"},"modified":"2014-12-22T19:17:37","modified_gmt":"2014-12-22T22:17:37","slug":"notas-do-enem-por-escola-2013","status":"publish","type":"post","link":"https:\/\/www.sudoestehoje.com.br\/novoportal\/2014\/12\/22\/notas-do-enem-por-escola-2013\/","title":{"rendered":"NOTAS DO ENEM POR ESCOLA 2013"},"content":{"rendered":"<p><a href=\"http:\/\/www.sudoestehoje.com.br\/novoportal\/wp-content\/uploads\/2014\/12\/NOTA-ESCOLA-ENEM.jpg\"><img loading=\"lazy\" decoding=\"async\" class=\"aligncenter  wp-image-45490\" src=\"http:\/\/www.sudoestehoje.com.br\/novoportal\/wp-content\/uploads\/2014\/12\/NOTA-ESCOLA-ENEM.jpg\" alt=\"NOTA ESCOLA ENEM\" width=\"500\" height=\"333\" srcset=\"https:\/\/www.sudoestehoje.com.br\/novoportal\/wp-content\/uploads\/2014\/12\/NOTA-ESCOLA-ENEM.jpg 300w, https:\/\/www.sudoestehoje.com.br\/novoportal\/wp-content\/uploads\/2014\/12\/NOTA-ESCOLA-ENEM-150x100.jpg 150w\" sizes=\"auto, (max-width: 500px) 100vw, 500px\" \/><\/a><\/p>\n<p>O Instituto Nacional de Estudos e Pesquisas Educacionais An\u00edsio Teixeira (Inep) divulgou nesta segunda-feira (22) <span style=\"color: #000080;\"><strong><a style=\"color: #000080;\" href=\"http:\/\/g1.globo.com\/educacao\/enem\/2013\/enem-2013-medias-por-escola.html\" target=\"_blank\">as notas por escola da edi\u00e7\u00e3o do ano passado do Exame Nacional do Ensino M\u00e9dio<\/a> <\/strong><\/span>(Enem). Os dados trazem as m\u00e9dias dos alunos de cada escola em cada uma das quatro provas objetivas (ci\u00eancias da natureza, ci\u00eancias humanas, linguagens e matem\u00e1tica), e tamb\u00e9m na reda\u00e7\u00e3o.<\/p>\n<p>S\u00f3 foram consideradas na lista do Inep as escolas em que pelo menos 50% de seus alunos do terceiro ano do ensino m\u00e9dio participaram do Enem 2013. No total, 14.715 escolas tiveram suas notas inseridas no sistema de consulta. Assim como no \u00faltimo ano, o governo federal decidiu n\u00e3o divulgar a m\u00e9dia geral do Enem por escola, e apresentou apenas a m\u00e9dia em cada uma das quatro provas objetivas e da prova de reda\u00e7\u00e3o.<\/p>\n<p><img decoding=\"async\" class=\"aligncenter\" src=\"http:\/\/www.sudoestehoje.com.br\/novoportal\/wp-content\/uploads\/2014\/06\/COOLEITE-PRODUTOS-500x249.jpg\" alt=\"COOLEITE PRODUTOS\" \/><\/p>\n","protected":false},"excerpt":{"rendered":"<p>O Instituto Nacional de Estudos e Pesquisas Educacionais An\u00edsio Teixeira (Inep) divulgou nesta segunda-feira (22) as notas por escola da edi\u00e7\u00e3o do ano passado do Exame Nacional do Ensino M\u00e9dio (Enem). Os dados trazem as m\u00e9dias dos alunos de cada escola em cada uma das quatro provas objetivas (ci\u00eancias da natureza, ci\u00eancias humanas, linguagens e [&hellip;]<\/p>\n","protected":false},"author":2,"featured_media":0,"comment_status":"open","ping_status":"open","sticky":false,"template":"","format":"standard","meta":{"footnotes":"","_links_to":"","_links_to_target":""},"categories":[1],"tags":[],"class_list":["post-45489","post","type-post","status-publish","format-standard","hentry","category-geral"],"views":1390,"_links":{"self":[{"href":"https:\/\/www.sudoestehoje.com.br\/novoportal\/wp-json\/wp\/v2\/posts\/45489","targetHints":{"allow":["GET"]}}],"collection":[{"href":"https:\/\/www.sudoestehoje.com.br\/novoportal\/wp-json\/wp\/v2\/posts"}],"about":[{"href":"https:\/\/www.sudoestehoje.com.br\/novoportal\/wp-json\/wp\/v2\/types\/post"}],"author":[{"embeddable":true,"href":"https:\/\/www.sudoestehoje.com.br\/novoportal\/wp-json\/wp\/v2\/users\/2"}],"replies":[{"embeddable":true,"href":"https:\/\/www.sudoestehoje.com.br\/novoportal\/wp-json\/wp\/v2\/comments?post=45489"}],"version-history":[{"count":3,"href":"https:\/\/www.sudoestehoje.com.br\/novoportal\/wp-json\/wp\/v2\/posts\/45489\/revisions"}],"predecessor-version":[{"id":45493,"href":"https:\/\/www.sudoestehoje.com.br\/novoportal\/wp-json\/wp\/v2\/posts\/45489\/revisions\/45493"}],"wp:attachment":[{"href":"https:\/\/www.sudoestehoje.com.br\/novoportal\/wp-json\/wp\/v2\/media?parent=45489"}],"wp:term":[{"taxonomy":"category","embeddable":true,"href":"https:\/\/www.sudoestehoje.com.br\/novoportal\/wp-json\/wp\/v2\/categories?post=45489"},{"taxonomy":"post_tag","embeddable":true,"href":"https:\/\/www.sudoestehoje.com.br\/novoportal\/wp-json\/wp\/v2\/tags?post=45489"}],"curies":[{"name":"wp","href":"https:\/\/api.w.org\/{rel}","templated":true}]}}