
{"id":45441,"date":"2014-12-19T00:11:15","date_gmt":"2014-12-19T03:11:15","guid":{"rendered":"http:\/\/www.sudoestehoje.com.br\/novoportal\/?p=45441"},"modified":"2014-12-19T00:13:06","modified_gmt":"2014-12-19T03:13:06","slug":"fjs-firma-termo-de-cooperacao-tecnica-com-federacao-de-karate","status":"publish","type":"post","link":"https:\/\/www.sudoestehoje.com.br\/novoportal\/2014\/12\/19\/fjs-firma-termo-de-cooperacao-tecnica-com-federacao-de-karate\/","title":{"rendered":"FJS FIRMA TERMO DE COOPERA\u00c7\u00c3O T\u00c9CNICA COM FEDERA\u00c7\u00c3O DE KARAT\u00ca"},"content":{"rendered":"<div id=\"attachment_45443\" style=\"width: 510px\" class=\"wp-caption aligncenter\"><a href=\"http:\/\/www.sudoestehoje.com.br\/novoportal\/wp-content\/uploads\/2014\/12\/LEILA-BRITO.jpg\"><img loading=\"lazy\" decoding=\"async\" aria-describedby=\"caption-attachment-45443\" class=\"size-medium wp-image-45443\" src=\"http:\/\/www.sudoestehoje.com.br\/novoportal\/wp-content\/uploads\/2014\/12\/LEILA-BRITO-500x326.jpg\" alt=\"Leila\" width=\"500\" height=\"326\" srcset=\"https:\/\/www.sudoestehoje.com.br\/novoportal\/wp-content\/uploads\/2014\/12\/LEILA-BRITO-500x326.jpg 500w, https:\/\/www.sudoestehoje.com.br\/novoportal\/wp-content\/uploads\/2014\/12\/LEILA-BRITO-700x456.jpg 700w, https:\/\/www.sudoestehoje.com.br\/novoportal\/wp-content\/uploads\/2014\/12\/LEILA-BRITO-150x97.jpg 150w, https:\/\/www.sudoestehoje.com.br\/novoportal\/wp-content\/uploads\/2014\/12\/LEILA-BRITO.jpg 960w\" sizes=\"auto, (max-width: 500px) 100vw, 500px\" \/><\/a><p id=\"caption-attachment-45443\" class=\"wp-caption-text\">Leila Brito firma parceria com a Federa\u00e7\u00e3o Baiana de Karat\u00ea, para implanta\u00e7\u00e3o do esporte como terapia auxiliar para portadores de defici\u00eancias.<\/p><\/div>\n<p id=\"yui_3_16_0_1_1418956600494_4918\"><span id=\"yui_3_16_0_1_1418956600494_4919\">Pioneira no estado na implanta\u00e7\u00e3o do karat\u00ea como terapia auxiliar para pessoas com defici\u00eancias neuromotoras, a Funda\u00e7\u00e3o Jos\u00e9 Silveira (FJS) firmou um Termo de Coopera\u00e7\u00e3o T\u00e9cnica com Federa\u00e7\u00e3o Baiana de Karat\u00ea (FBK). O documento visa \u00e0 amplia\u00e7\u00e3o do desenvolvimento desta pr\u00e1tica esportiva inclusiva no tratamento das pessoas com defici\u00eancia f\u00edsica e intelectual, beneficiando pacientes em tratamento no Instituto Bahiano de Reabilita\u00e7\u00e3o (IBR) e no Centro Pestalozzi de Reabilita\u00e7\u00e3o, unidades da FJS. <\/span><\/p>\n<p><span id=\"yui_3_16_0_1_1418956600494_4919\">A superintendente da FJS, Leila Brito, enalteceu a parceria formalizada e destacou os ganhos obtidos com a pr\u00e1tica do karat\u00ea adaptado. &#8220;Agradecemos a Federa\u00e7\u00e3o Baiana de Karat\u00ea pelo apoio \u00e0 essa pr\u00e1tica esportiva, que tem sido empregada com efici\u00eancia no tratamento dos pacientes do IBR e contribu\u00eddo para a manuten\u00e7\u00e3o da sa\u00fade e dos benef\u00edcios obtidos na reabilita\u00e7\u00e3o&#8221;.<\/span><\/p>\n<p><img decoding=\"async\" class=\"aligncenter\" src=\"http:\/\/www.sudoestehoje.com.br\/novoportal\/wp-content\/uploads\/2014\/07\/Feira-do-Lar-1.png\" alt=\"Feira-do-Lar (1)\" \/><!--more--><\/p>\n<p id=\"yui_3_16_0_1_1418956600494_4913\"><span id=\"yui_3_16_0_1_1418956600494_4912\">A relev\u00e2ncia da parceria foi destacada pelo presidente da FBK, Ant\u00f4nio Carlos Negreiro. \u201cApesar de trabalharmos o esporte de forma educacional, de alto rendimento, n\u00e3o t\u00ednhamos pessoas qualificadas e estrutura adequada para atender as pessoas com defici\u00eancia. Ser parceiro da Funda\u00e7\u00e3o, institui\u00e7\u00e3o que desempenha um trabalho t\u00e3o importante, \u00e9 uma honra para qualquer entidade\u201d, celebrou. O documento firmado garante que a FJS auxilie a FBK na elabora\u00e7\u00e3o de regulamentos de campeonatos e exames de gradua\u00e7\u00e3o do esporte adaptado. Al\u00e9m disso, a Federa\u00e7\u00e3o vai orientar a doc\u00eancia do karat\u00ea e coordenar a realiza\u00e7\u00e3o de eventos, incluindo a participa\u00e7\u00e3o de pessoas com defici\u00eancia, al\u00e9m de isentar de taxas cobradas para participa\u00e7\u00e3o em competi\u00e7\u00f5es e exames de gradua\u00e7\u00e3o as pessoas com defici\u00eancia atendidas pela FJS.<\/span><\/p>\n","protected":false},"excerpt":{"rendered":"<p>Pioneira no estado na implanta\u00e7\u00e3o do karat\u00ea como terapia auxiliar para pessoas com defici\u00eancias neuromotoras, a Funda\u00e7\u00e3o Jos\u00e9 Silveira (FJS) firmou um Termo de Coopera\u00e7\u00e3o T\u00e9cnica com Federa\u00e7\u00e3o Baiana de Karat\u00ea (FBK). O documento visa \u00e0 amplia\u00e7\u00e3o do desenvolvimento desta pr\u00e1tica esportiva inclusiva no tratamento das pessoas com defici\u00eancia f\u00edsica e intelectual, beneficiando pacientes em [&hellip;]<\/p>\n","protected":false},"author":2,"featured_media":0,"comment_status":"open","ping_status":"open","sticky":false,"template":"","format":"standard","meta":{"footnotes":"","_links_to":"","_links_to_target":""},"categories":[1],"tags":[],"class_list":["post-45441","post","type-post","status-publish","format-standard","hentry","category-geral"],"views":1244,"_links":{"self":[{"href":"https:\/\/www.sudoestehoje.com.br\/novoportal\/wp-json\/wp\/v2\/posts\/45441","targetHints":{"allow":["GET"]}}],"collection":[{"href":"https:\/\/www.sudoestehoje.com.br\/novoportal\/wp-json\/wp\/v2\/posts"}],"about":[{"href":"https:\/\/www.sudoestehoje.com.br\/novoportal\/wp-json\/wp\/v2\/types\/post"}],"author":[{"embeddable":true,"href":"https:\/\/www.sudoestehoje.com.br\/novoportal\/wp-json\/wp\/v2\/users\/2"}],"replies":[{"embeddable":true,"href":"https:\/\/www.sudoestehoje.com.br\/novoportal\/wp-json\/wp\/v2\/comments?post=45441"}],"version-history":[{"count":3,"href":"https:\/\/www.sudoestehoje.com.br\/novoportal\/wp-json\/wp\/v2\/posts\/45441\/revisions"}],"predecessor-version":[{"id":45446,"href":"https:\/\/www.sudoestehoje.com.br\/novoportal\/wp-json\/wp\/v2\/posts\/45441\/revisions\/45446"}],"wp:attachment":[{"href":"https:\/\/www.sudoestehoje.com.br\/novoportal\/wp-json\/wp\/v2\/media?parent=45441"}],"wp:term":[{"taxonomy":"category","embeddable":true,"href":"https:\/\/www.sudoestehoje.com.br\/novoportal\/wp-json\/wp\/v2\/categories?post=45441"},{"taxonomy":"post_tag","embeddable":true,"href":"https:\/\/www.sudoestehoje.com.br\/novoportal\/wp-json\/wp\/v2\/tags?post=45441"}],"curies":[{"name":"wp","href":"https:\/\/api.w.org\/{rel}","templated":true}]}}