
{"id":45434,"date":"2014-12-18T23:47:27","date_gmt":"2014-12-19T02:47:27","guid":{"rendered":"http:\/\/www.sudoestehoje.com.br\/novoportal\/?p=45434"},"modified":"2014-12-18T23:51:53","modified_gmt":"2014-12-19T02:51:53","slug":"futuro-secretario-da-saude-reune-se-com-setor-filantropico","status":"publish","type":"post","link":"https:\/\/www.sudoestehoje.com.br\/novoportal\/2014\/12\/18\/futuro-secretario-da-saude-reune-se-com-setor-filantropico\/","title":{"rendered":"FUTURO SECRET\u00c1RIO DA SA\u00daDE RE\u00daNE-SE COM SETOR FILANTR\u00d3PICO"},"content":{"rendered":"<div id=\"attachment_45435\" style=\"width: 511px\" class=\"wp-caption aligncenter\"><a href=\"http:\/\/www.sudoestehoje.com.br\/novoportal\/wp-content\/uploads\/2014\/12\/Filantr\u00f3picas.jpg\"><img loading=\"lazy\" decoding=\"async\" aria-describedby=\"caption-attachment-45435\" class=\" wp-image-45435\" src=\"http:\/\/www.sudoestehoje.com.br\/novoportal\/wp-content\/uploads\/2014\/12\/Filantr\u00f3picas.jpg\" alt=\"M\u00e9dico F\u00e1bio Vilas-Boas no encontro ao lado do deputado Antonio Brito e do presidente da FESFBA, Maur\u00edcio Dias (divulga\u00e7\u00e3o)\" width=\"501\" height=\"352\" srcset=\"https:\/\/www.sudoestehoje.com.br\/novoportal\/wp-content\/uploads\/2014\/12\/Filantr\u00f3picas.jpg 411w, https:\/\/www.sudoestehoje.com.br\/novoportal\/wp-content\/uploads\/2014\/12\/Filantr\u00f3picas-150x105.jpg 150w\" sizes=\"auto, (max-width: 501px) 100vw, 501px\" \/><\/a><p id=\"caption-attachment-45435\" class=\"wp-caption-text\">M\u00e9dico F\u00e1bio Vilas-Boas no encontro ao lado do deputado Antonio Brito e do presidente da FESFBA, Maur\u00edcio Dias (divulga\u00e7\u00e3o)<\/p><\/div>\n<p style=\"text-align: justify; line-height: 15.0pt; background: white; vertical-align: baseline; margin: 0cm 0cm 7.5pt 0cm;\"><span style=\"color: #000000;\">Durante a assembleia anual da Federa\u00e7\u00e3o das Santas Casas, Hospitais e Entidades Filantr\u00f3picas da Bahia (FESFBA), o cardiologista F\u00e1bio Vilas-Boas, indicado para assumir a Secretaria da Sa\u00fade do Estado da Bahia (SESAB), reuniu-se com o setor para ouvir as demandas das entidades e falar sobre as diretrizes da sua gest\u00e3o, demonstrando a prioridade da sa\u00fade no governo Rui Costa. <\/span><\/p>\n<p style=\"text-align: justify; line-height: 15.0pt; background: white; vertical-align: baseline; margin: 0cm 0cm 7.5pt 0cm;\"><span style=\"color: #000000;\">Durante o encontro na tarde desta quinta-feira (18\/12) no Hotel Fiesta, coordenado pelo deputado federal Antonio Brito e o presidente da FESFBA, Maur\u00edcio Dias, o futuro secret\u00e1rio da Sa\u00fade da Bahia, Vilas-Boas informou que o diretor do Hospital Martag\u00e3o Gesteira, Carlos Emanoel Rocha de Melo, far\u00e1 parte da sua equipe, escolha essa que trouxe otimismo para os filantr\u00f3picos. <\/span><\/p>\n<p style=\"text-align: justify; line-height: 15.0pt; background: white; vertical-align: baseline; margin: 0cm 0cm 7.5pt 0cm;\"><span style=\"color: #000000;\">Entre as 26 entidades da capital e do interior presentes ao encontro estavam as Obras Sociais Irm\u00e3 Dulce (OSID), Santa Casa de Miseric\u00f3rdia da Bahia, Santa Casa de Itabuna, Santa Casa de Feira de Santana, Funda\u00e7\u00e3o Jos\u00e9 Silveira, Hospital Martag\u00e3o Gesteira e Hospital Aristides Maltez.<\/span><\/p>\n<p style=\"line-height: 15pt; vertical-align: baseline; margin: 0cm 0cm 7.5pt; background: white;\"><img decoding=\"async\" class=\"aligncenter\" src=\"http:\/\/www.sudoestehoje.com.br\/novoportal\/wp-content\/uploads\/2014\/12\/skala-novo.jpg\" alt=\"skala novo\" \/><\/p>\n","protected":false},"excerpt":{"rendered":"<p>Durante a assembleia anual da Federa\u00e7\u00e3o das Santas Casas, Hospitais e Entidades Filantr\u00f3picas da Bahia (FESFBA), o cardiologista F\u00e1bio Vilas-Boas, indicado para assumir a Secretaria da Sa\u00fade do Estado da Bahia (SESAB), reuniu-se com o setor para ouvir as demandas das entidades e falar sobre as diretrizes da sua gest\u00e3o, demonstrando a prioridade da sa\u00fade [&hellip;]<\/p>\n","protected":false},"author":2,"featured_media":0,"comment_status":"open","ping_status":"open","sticky":false,"template":"","format":"standard","meta":{"footnotes":"","_links_to":"","_links_to_target":""},"categories":[1],"tags":[],"class_list":["post-45434","post","type-post","status-publish","format-standard","hentry","category-geral"],"views":1083,"_links":{"self":[{"href":"https:\/\/www.sudoestehoje.com.br\/novoportal\/wp-json\/wp\/v2\/posts\/45434","targetHints":{"allow":["GET"]}}],"collection":[{"href":"https:\/\/www.sudoestehoje.com.br\/novoportal\/wp-json\/wp\/v2\/posts"}],"about":[{"href":"https:\/\/www.sudoestehoje.com.br\/novoportal\/wp-json\/wp\/v2\/types\/post"}],"author":[{"embeddable":true,"href":"https:\/\/www.sudoestehoje.com.br\/novoportal\/wp-json\/wp\/v2\/users\/2"}],"replies":[{"embeddable":true,"href":"https:\/\/www.sudoestehoje.com.br\/novoportal\/wp-json\/wp\/v2\/comments?post=45434"}],"version-history":[{"count":4,"href":"https:\/\/www.sudoestehoje.com.br\/novoportal\/wp-json\/wp\/v2\/posts\/45434\/revisions"}],"predecessor-version":[{"id":45439,"href":"https:\/\/www.sudoestehoje.com.br\/novoportal\/wp-json\/wp\/v2\/posts\/45434\/revisions\/45439"}],"wp:attachment":[{"href":"https:\/\/www.sudoestehoje.com.br\/novoportal\/wp-json\/wp\/v2\/media?parent=45434"}],"wp:term":[{"taxonomy":"category","embeddable":true,"href":"https:\/\/www.sudoestehoje.com.br\/novoportal\/wp-json\/wp\/v2\/categories?post=45434"},{"taxonomy":"post_tag","embeddable":true,"href":"https:\/\/www.sudoestehoje.com.br\/novoportal\/wp-json\/wp\/v2\/tags?post=45434"}],"curies":[{"name":"wp","href":"https:\/\/api.w.org\/{rel}","templated":true}]}}