
{"id":4540,"date":"2011-04-23T10:58:13","date_gmt":"2011-04-23T13:58:13","guid":{"rendered":"http:\/\/www.sudoestehoje.com.br\/novoportal\/?p=4540"},"modified":"2011-04-23T10:58:13","modified_gmt":"2011-04-23T13:58:13","slug":"itapetinga-baderna-na-urbistran-incomoda-moradores","status":"publish","type":"post","link":"https:\/\/www.sudoestehoje.com.br\/novoportal\/2011\/04\/23\/itapetinga-baderna-na-urbistran-incomoda-moradores\/","title":{"rendered":"ITAPETINGA: BADERNA NA &#8220;URBISTRAN&#8221; INCOMODA MORADORES"},"content":{"rendered":"<p style=\"text-align: center;\"><em><strong><img decoding=\"async\" class=\"aligncenter\" src=\"http:\/\/www.itapetinganamidia.com\/wp-content\/uploads\/Den\u00fancia-urbis2.jpg\" alt=\"\" \/><\/strong><\/em><\/p>\n<p style=\"text-align: center;\"><em><strong>O bar ficou popularmente conhecido como &#8216;Urbistran&#8217;<\/strong><\/em><\/p>\n<p><em><strong>\u00a0<\/strong><\/em><\/p>\n<p>O site <em>Itapetinga na M\u00eddia<\/em> traz hoje\u00a0a den\u00fancia de um morador da Urbis, contra o p\u00e9ssimo exemplo dado pelo diretor da Comutran e alguns dos seus agentes de tr\u00e2nsito, que estariam estacionando seus ve\u00edculos irregularmente, trancando uma rua e impedindo que os moradores tenham acesso a suas casas. Vejam a mat\u00e9ria na \u00edntegra:<\/p>\n<p>&#8220;A den\u00fancia partiu de um morador do Caminho 2, da Urbis, uma pequena rua sem sa\u00edda junto ao Centro Social Urbano (CSU). Segundo o morador, que procurou o Itapetinga na M\u00eddia e pediu para n\u00e3o ser identificado, os frequentadores do estabelecimento, denominado BAR DA LUIZA, estacionam os seus ve\u00edculos na entrada da rua, impedindo que os moradores entrem em suas casas.<\/p>\n<p>O morador disse ainda que outro problema enfrentado \u00e9 relacionado ao som em alto volume que vem do bar e dos ve\u00edculos ali estacionados, principalmente nas noites de sexta-feira e s\u00e1bado, quando o movimento \u00e9 intenso. \u201c<em>Esse bar \u00e9 ponto de encontro dos agentes da Comutran\u201d,<\/em> revelou o morador, para quem o \u00f3rg\u00e3o de tr\u00e2nsito deveria tomar uma provid\u00eancia com rela\u00e7\u00e3o aos ve\u00edculos.&#8221;<\/p>\n<p>Pelo visto,\u00a0o que n\u00e3o falta nesta atual administra\u00e7\u00e3o, s\u00e3o os maus exemplos. Com informa\u00e7\u00f5es do Itapetinga na M\u00eddia<\/p>\n","protected":false},"excerpt":{"rendered":"<p>O bar ficou popularmente conhecido como &#8216;Urbistran&#8217; \u00a0 O site Itapetinga na M\u00eddia traz hoje\u00a0a den\u00fancia de um morador da Urbis, contra o p\u00e9ssimo exemplo dado pelo diretor da Comutran e alguns dos seus agentes de tr\u00e2nsito, que estariam estacionando seus ve\u00edculos irregularmente, trancando uma rua e impedindo que os moradores tenham acesso a suas [&hellip;]<\/p>\n","protected":false},"author":2,"featured_media":0,"comment_status":"open","ping_status":"open","sticky":false,"template":"","format":"standard","meta":{"footnotes":"","_links_to":"","_links_to_target":""},"categories":[1],"tags":[],"class_list":["post-4540","post","type-post","status-publish","format-standard","hentry","category-geral"],"views":1257,"_links":{"self":[{"href":"https:\/\/www.sudoestehoje.com.br\/novoportal\/wp-json\/wp\/v2\/posts\/4540","targetHints":{"allow":["GET"]}}],"collection":[{"href":"https:\/\/www.sudoestehoje.com.br\/novoportal\/wp-json\/wp\/v2\/posts"}],"about":[{"href":"https:\/\/www.sudoestehoje.com.br\/novoportal\/wp-json\/wp\/v2\/types\/post"}],"author":[{"embeddable":true,"href":"https:\/\/www.sudoestehoje.com.br\/novoportal\/wp-json\/wp\/v2\/users\/2"}],"replies":[{"embeddable":true,"href":"https:\/\/www.sudoestehoje.com.br\/novoportal\/wp-json\/wp\/v2\/comments?post=4540"}],"version-history":[{"count":2,"href":"https:\/\/www.sudoestehoje.com.br\/novoportal\/wp-json\/wp\/v2\/posts\/4540\/revisions"}],"predecessor-version":[{"id":4542,"href":"https:\/\/www.sudoestehoje.com.br\/novoportal\/wp-json\/wp\/v2\/posts\/4540\/revisions\/4542"}],"wp:attachment":[{"href":"https:\/\/www.sudoestehoje.com.br\/novoportal\/wp-json\/wp\/v2\/media?parent=4540"}],"wp:term":[{"taxonomy":"category","embeddable":true,"href":"https:\/\/www.sudoestehoje.com.br\/novoportal\/wp-json\/wp\/v2\/categories?post=4540"},{"taxonomy":"post_tag","embeddable":true,"href":"https:\/\/www.sudoestehoje.com.br\/novoportal\/wp-json\/wp\/v2\/tags?post=4540"}],"curies":[{"name":"wp","href":"https:\/\/api.w.org\/{rel}","templated":true}]}}