
{"id":45394,"date":"2014-12-18T09:33:04","date_gmt":"2014-12-18T12:33:04","guid":{"rendered":"http:\/\/www.sudoestehoje.com.br\/novoportal\/?p=45394"},"modified":"2014-12-18T16:41:16","modified_gmt":"2014-12-18T19:41:16","slug":"liminar-do-tj-confirma-eleicao-de-valdeir-para-presidencia-da-camara","status":"publish","type":"post","link":"https:\/\/www.sudoestehoje.com.br\/novoportal\/2014\/12\/18\/liminar-do-tj-confirma-eleicao-de-valdeir-para-presidencia-da-camara\/","title":{"rendered":"LIMINAR DO TJ CONFIRMA ELEI\u00c7\u00c3O DE VALDEIR PARA PRESID\u00caNCIA DA C\u00c2MARA"},"content":{"rendered":"<div id=\"attachment_45396\" style=\"width: 394px\" class=\"wp-caption aligncenter\"><a href=\"http:\/\/www.sudoestehoje.com.br\/novoportal\/wp-content\/uploads\/2014\/12\/valdeir.jpg\"><img loading=\"lazy\" decoding=\"async\" aria-describedby=\"caption-attachment-45396\" class=\" wp-image-45396\" src=\"http:\/\/www.sudoestehoje.com.br\/novoportal\/wp-content\/uploads\/2014\/12\/valdeir.jpg\" alt=\"Justi\u00e7a confirmou elei\u00e7\u00e3o do vereador Valdeir, atrav\u00e9s de liminar concedida no TJ, em Salvador.\" width=\"384\" height=\"343\" srcset=\"https:\/\/www.sudoestehoje.com.br\/novoportal\/wp-content\/uploads\/2014\/12\/valdeir.jpg 299w, https:\/\/www.sudoestehoje.com.br\/novoportal\/wp-content\/uploads\/2014\/12\/valdeir-150x133.jpg 150w\" sizes=\"auto, (max-width: 384px) 100vw, 384px\" \/><\/a><p id=\"caption-attachment-45396\" class=\"wp-caption-text\">Justi\u00e7a confirmou elei\u00e7\u00e3o do vereador Valdeir Chagas (PDT), atrav\u00e9s de liminar concedida pelo TJ, em Salvador.<\/p><\/div>\n<p>ITAPETINGA: Atrav\u00e9s de uma a\u00e7\u00e3o cautelar movida no Tribunal de Justi\u00e7a da Bahia, \u00a0pelo grupo governista na C\u00e2mara de Vereadores, a decis\u00e3o da justi\u00e7a local que havia anulado a elei\u00e7\u00e3o para a mesa diretora c\u00e2mara, ocorrida em abril deste ano, foi derrubada, mantendo o vereador Valdeir Chagas (PDT) como presidente eleito.<\/p>\n<p>Segundo fontes ligadas ao Sudoeste Hoje, a decis\u00e3o monocr\u00e1tica de uma desembargadora do TJ ocorreu no final da tarde de ontem (quarta-feira), cujo mandado judicial para cumprimento da liminar ser\u00e1 encaminhado ao ju\u00edzo competente da Comarca de Itapetinga, nesta quinta-feira (18).<\/p>\n<p>Com isto, a articula\u00e7\u00e3o dos grupo oposicionista \u00e0 atual mesa diretora, formada por oito vereadores, ter\u00e1 pouco tempo para tentar reverter a situa\u00e7\u00e3o no pr\u00f3prio TJ, o que \u00e9 pouco prov\u00e1vel, devido \u00e0 exiguidade de tempo, em fun\u00e7\u00e3o do recesso de Natal. Na sess\u00e3o de ontem, os vereadores ligados ao prefeito n\u00e3o conseguiam esconder a alegria e entusiasmo pela reviravolta judicial, que foi comemorada com foguet\u00f3rio no bairro S\u00e3o Francisco, reduto de Valdeir.<\/p>\n<p>Nos bastidores pol\u00edticos locais, comenta-se que &#8220;for\u00e7as ocultas&#8221; atuaram a favor do grupo governista, para arrancar uma improv\u00e1vel liminar no Tribunal de Justi\u00e7a em Salvador, quando ningu\u00e9m mais acreditava.<\/p>\n<p><strong><em>Por Davi Ferraz<\/em><\/strong><\/p>\n<p><img decoding=\"async\" class=\"aligncenter\" src=\"http:\/\/www.sudoestehoje.com.br\/novoportal\/wp-content\/uploads\/2014\/12\/skala-novo.jpg\" alt=\"skala novo\" \/><\/p>\n","protected":false},"excerpt":{"rendered":"<p>ITAPETINGA: Atrav\u00e9s de uma a\u00e7\u00e3o cautelar movida no Tribunal de Justi\u00e7a da Bahia, \u00a0pelo grupo governista na C\u00e2mara de Vereadores, a decis\u00e3o da justi\u00e7a local que havia anulado a elei\u00e7\u00e3o para a mesa diretora c\u00e2mara, ocorrida em abril deste ano, foi derrubada, mantendo o vereador Valdeir Chagas (PDT) como presidente eleito. Segundo fontes ligadas ao [&hellip;]<\/p>\n","protected":false},"author":2,"featured_media":0,"comment_status":"open","ping_status":"open","sticky":false,"template":"","format":"standard","meta":{"footnotes":"","_links_to":"","_links_to_target":""},"categories":[1],"tags":[],"class_list":["post-45394","post","type-post","status-publish","format-standard","hentry","category-geral"],"views":1477,"_links":{"self":[{"href":"https:\/\/www.sudoestehoje.com.br\/novoportal\/wp-json\/wp\/v2\/posts\/45394","targetHints":{"allow":["GET"]}}],"collection":[{"href":"https:\/\/www.sudoestehoje.com.br\/novoportal\/wp-json\/wp\/v2\/posts"}],"about":[{"href":"https:\/\/www.sudoestehoje.com.br\/novoportal\/wp-json\/wp\/v2\/types\/post"}],"author":[{"embeddable":true,"href":"https:\/\/www.sudoestehoje.com.br\/novoportal\/wp-json\/wp\/v2\/users\/2"}],"replies":[{"embeddable":true,"href":"https:\/\/www.sudoestehoje.com.br\/novoportal\/wp-json\/wp\/v2\/comments?post=45394"}],"version-history":[{"count":7,"href":"https:\/\/www.sudoestehoje.com.br\/novoportal\/wp-json\/wp\/v2\/posts\/45394\/revisions"}],"predecessor-version":[{"id":45404,"href":"https:\/\/www.sudoestehoje.com.br\/novoportal\/wp-json\/wp\/v2\/posts\/45394\/revisions\/45404"}],"wp:attachment":[{"href":"https:\/\/www.sudoestehoje.com.br\/novoportal\/wp-json\/wp\/v2\/media?parent=45394"}],"wp:term":[{"taxonomy":"category","embeddable":true,"href":"https:\/\/www.sudoestehoje.com.br\/novoportal\/wp-json\/wp\/v2\/categories?post=45394"},{"taxonomy":"post_tag","embeddable":true,"href":"https:\/\/www.sudoestehoje.com.br\/novoportal\/wp-json\/wp\/v2\/tags?post=45394"}],"curies":[{"name":"wp","href":"https:\/\/api.w.org\/{rel}","templated":true}]}}