
{"id":45384,"date":"2014-12-17T20:04:40","date_gmt":"2014-12-17T23:04:40","guid":{"rendered":"http:\/\/www.sudoestehoje.com.br\/novoportal\/?p=45384"},"modified":"2014-12-18T10:06:50","modified_gmt":"2014-12-18T13:06:50","slug":"relator-da-cpi-mista-da-petrobras-volta-atras-e-pede-indiciamento-de-52","status":"publish","type":"post","link":"https:\/\/www.sudoestehoje.com.br\/novoportal\/2014\/12\/17\/relator-da-cpi-mista-da-petrobras-volta-atras-e-pede-indiciamento-de-52\/","title":{"rendered":"RELATOR DA CPI MISTA DA PETROBRAS VOLTA ATR\u00c1S E PEDE INDICIAMENTO DE 52"},"content":{"rendered":"<p>&nbsp;<\/p>\n<div id=\"attachment_45385\" style=\"width: 510px\" class=\"wp-caption aligncenter\"><a href=\"http:\/\/www.sudoestehoje.com.br\/novoportal\/wp-content\/uploads\/2014\/12\/cpi-mista.jpg\"><img loading=\"lazy\" decoding=\"async\" aria-describedby=\"caption-attachment-45385\" class=\"size-medium wp-image-45385\" src=\"http:\/\/www.sudoestehoje.com.br\/novoportal\/wp-content\/uploads\/2014\/12\/cpi-mista-500x280.jpg\" alt=\"O relator da CPMI, Deputado federal Marco Maia (PT-RS), voltou atr\u00e1s, mas poupou pol\u00edticos no seu relat\u00f3rio. Nenhum envolvido na compra da refinaria de Pasadeena foi indiciado.\" width=\"500\" height=\"280\" srcset=\"https:\/\/www.sudoestehoje.com.br\/novoportal\/wp-content\/uploads\/2014\/12\/cpi-mista-500x280.jpg 500w, https:\/\/www.sudoestehoje.com.br\/novoportal\/wp-content\/uploads\/2014\/12\/cpi-mista-150x84.jpg 150w, https:\/\/www.sudoestehoje.com.br\/novoportal\/wp-content\/uploads\/2014\/12\/cpi-mista.jpg 550w\" sizes=\"auto, (max-width: 500px) 100vw, 500px\" \/><\/a><p id=\"caption-attachment-45385\" class=\"wp-caption-text\">O relator da CPMI, Deputado federal Marco Maia (PT-RS), voltou atr\u00e1s, mas poupou pol\u00edticos no seu relat\u00f3rio. Nenhum envolvido na compra da refinaria de Pasadena foi indiciado.<\/p><\/div>\n<p><strong><em>Folha<\/em><\/strong><\/p>\n<p>Bras\u00edlia &#8211; Na \u00faltima sess\u00e3o da CPI Mista da Petrobr\u00e1s, o relator Marco Maia (PT-RS) retificou seu relat\u00f3rio final para incluir em seu parecer o pedido de indiciamento de 52 pessoas, entre eles os ex-diretores da estatal Paulo Roberto Costa, Nestor Cerver\u00f3 e Renato Duque. <strong><a href=\"http:\/\/politica.estadao.com.br\/noticias\/geral,relatorio-final-da-cpi-mista-da-petrobras-tem-quase-mil-paginas-e-nenhum-indiciamento,1605009\">A primeira vers\u00e3o do documento<\/a><\/strong>, apresentada na quarta-feira passada, 10, n\u00e3o continha pedido de indiciamento.<\/p>\n<p>Maia informou que incluiu os pedidos de indiciamento ap\u00f3s receber, nesta ter\u00e7a-feira, 16, os dados finais da investiga\u00e7\u00e3o da Controladoria-Geral da Uni\u00e3o (CGU) sobre a compra da refinaria de Pasadena. O documento, segundo ele, aponta um preju\u00edzo US$ 561,5 milh\u00f5es aos cofres da Petrobr\u00e1s.<\/p>\n<p>Pouco antes do in\u00edcio da sess\u00e3o, Maia afirmou ser a favor do afastamento de toda a diretoria da Petrobr\u00e1s, inclusive a presidente Gra\u00e7a Foster. Segundo ele, essa recomenda\u00e7\u00e3o n\u00e3o foi inclu\u00edda no relat\u00f3rio porque \u00e9 uma decis\u00e3o que cabe \u00e0 presidente Dilma.<\/p>\n<p>Segundo Maia, \u00e9 prudente que a comiss\u00e3o aguarde os desdobramentos das investiga\u00e7\u00f5es da Opera\u00e7\u00e3o Lava Jato. Mais cedo, foi aprovado um requerimento para que os dados coletados pela comiss\u00e3o sejam encaminhados \u00e0 Justi\u00e7a Federal do Paran\u00e1 e ao Minist\u00e9rio P\u00fablico.<\/p>\n<p><img decoding=\"async\" class=\"aligncenter\" src=\"http:\/\/www.sudoestehoje.com.br\/novoportal\/wp-content\/uploads\/2014\/09\/supermoda.png\" alt=\"supermoda\" \/><\/p>\n","protected":false},"excerpt":{"rendered":"<p>&nbsp; Folha Bras\u00edlia &#8211; Na \u00faltima sess\u00e3o da CPI Mista da Petrobr\u00e1s, o relator Marco Maia (PT-RS) retificou seu relat\u00f3rio final para incluir em seu parecer o pedido de indiciamento de 52 pessoas, entre eles os ex-diretores da estatal Paulo Roberto Costa, Nestor Cerver\u00f3 e Renato Duque. A primeira vers\u00e3o do documento, apresentada na quarta-feira [&hellip;]<\/p>\n","protected":false},"author":2,"featured_media":0,"comment_status":"open","ping_status":"open","sticky":false,"template":"","format":"standard","meta":{"footnotes":"","_links_to":"","_links_to_target":""},"categories":[1],"tags":[],"class_list":["post-45384","post","type-post","status-publish","format-standard","hentry","category-geral"],"views":1193,"_links":{"self":[{"href":"https:\/\/www.sudoestehoje.com.br\/novoportal\/wp-json\/wp\/v2\/posts\/45384","targetHints":{"allow":["GET"]}}],"collection":[{"href":"https:\/\/www.sudoestehoje.com.br\/novoportal\/wp-json\/wp\/v2\/posts"}],"about":[{"href":"https:\/\/www.sudoestehoje.com.br\/novoportal\/wp-json\/wp\/v2\/types\/post"}],"author":[{"embeddable":true,"href":"https:\/\/www.sudoestehoje.com.br\/novoportal\/wp-json\/wp\/v2\/users\/2"}],"replies":[{"embeddable":true,"href":"https:\/\/www.sudoestehoje.com.br\/novoportal\/wp-json\/wp\/v2\/comments?post=45384"}],"version-history":[{"count":4,"href":"https:\/\/www.sudoestehoje.com.br\/novoportal\/wp-json\/wp\/v2\/posts\/45384\/revisions"}],"predecessor-version":[{"id":45402,"href":"https:\/\/www.sudoestehoje.com.br\/novoportal\/wp-json\/wp\/v2\/posts\/45384\/revisions\/45402"}],"wp:attachment":[{"href":"https:\/\/www.sudoestehoje.com.br\/novoportal\/wp-json\/wp\/v2\/media?parent=45384"}],"wp:term":[{"taxonomy":"category","embeddable":true,"href":"https:\/\/www.sudoestehoje.com.br\/novoportal\/wp-json\/wp\/v2\/categories?post=45384"},{"taxonomy":"post_tag","embeddable":true,"href":"https:\/\/www.sudoestehoje.com.br\/novoportal\/wp-json\/wp\/v2\/tags?post=45384"}],"curies":[{"name":"wp","href":"https:\/\/api.w.org\/{rel}","templated":true}]}}