
{"id":45343,"date":"2014-12-16T21:25:51","date_gmt":"2014-12-17T00:25:51","guid":{"rendered":"http:\/\/www.sudoestehoje.com.br\/novoportal\/?p=45343"},"modified":"2014-12-16T23:33:43","modified_gmt":"2014-12-17T02:33:43","slug":"morre-gerente-regional-da-coelba","status":"publish","type":"post","link":"https:\/\/www.sudoestehoje.com.br\/novoportal\/2014\/12\/16\/morre-gerente-regional-da-coelba\/","title":{"rendered":"MORRE GERENTE REGIONAL DA COELBA"},"content":{"rendered":"<p><a href=\"http:\/\/www.sudoestehoje.com.br\/novoportal\/wp-content\/uploads\/2014\/12\/coelba.jpg\"><img loading=\"lazy\" decoding=\"async\" class=\"aligncenter size-full wp-image-45344\" src=\"http:\/\/www.sudoestehoje.com.br\/novoportal\/wp-content\/uploads\/2014\/12\/coelba.jpg\" alt=\"coelba\" width=\"420\" height=\"278\" srcset=\"https:\/\/www.sudoestehoje.com.br\/novoportal\/wp-content\/uploads\/2014\/12\/coelba.jpg 420w, https:\/\/www.sudoestehoje.com.br\/novoportal\/wp-content\/uploads\/2014\/12\/coelba-150x99.jpg 150w\" sizes=\"auto, (max-width: 420px) 100vw, 420px\" \/><\/a><\/p>\n<p>Por complica\u00e7\u00f5es de sa\u00fade, veio a \u00f3bito em Salvador, nesta ter\u00e7a-feira (16), Janilson Bomfim de Andrade, gestor da Ag\u00eancia de Atendimento da Companhia de Eletricidade do Estado da Bahia (COELBA). Natural de Caetit\u00e9, Janilson geria a empresa do Grupo Neonergia no escrit\u00f3rio regional de Vit\u00f3ria da Conquista, respons\u00e1vel pela gest\u00e3o no Sudoeste Baiano. Carism\u00e1tico e atencioso, Janilson sofria de problemas card\u00edacos e fazia exames de rotinas na Capital Baiana. Informa\u00e7\u00f5es sobre vel\u00f3rio ou sepultamento ainda n\u00e3o foram divulgadas. Blog do Anderson<\/p>\n<p><img decoding=\"async\" class=\"aligncenter\" src=\"http:\/\/www.sudoestehoje.com.br\/novoportal\/wp-content\/uploads\/2014\/06\/COOLEITE-PRODUTOS-500x249.jpg\" alt=\"COOLEITE PRODUTOS\" \/><\/p>\n","protected":false},"excerpt":{"rendered":"<p>Por complica\u00e7\u00f5es de sa\u00fade, veio a \u00f3bito em Salvador, nesta ter\u00e7a-feira (16), Janilson Bomfim de Andrade, gestor da Ag\u00eancia de Atendimento da Companhia de Eletricidade do Estado da Bahia (COELBA). Natural de Caetit\u00e9, Janilson geria a empresa do Grupo Neonergia no escrit\u00f3rio regional de Vit\u00f3ria da Conquista, respons\u00e1vel pela gest\u00e3o no Sudoeste Baiano. Carism\u00e1tico e [&hellip;]<\/p>\n","protected":false},"author":2,"featured_media":0,"comment_status":"open","ping_status":"open","sticky":false,"template":"","format":"standard","meta":{"footnotes":"","_links_to":"","_links_to_target":""},"categories":[1],"tags":[],"class_list":["post-45343","post","type-post","status-publish","format-standard","hentry","category-geral"],"views":1164,"_links":{"self":[{"href":"https:\/\/www.sudoestehoje.com.br\/novoportal\/wp-json\/wp\/v2\/posts\/45343","targetHints":{"allow":["GET"]}}],"collection":[{"href":"https:\/\/www.sudoestehoje.com.br\/novoportal\/wp-json\/wp\/v2\/posts"}],"about":[{"href":"https:\/\/www.sudoestehoje.com.br\/novoportal\/wp-json\/wp\/v2\/types\/post"}],"author":[{"embeddable":true,"href":"https:\/\/www.sudoestehoje.com.br\/novoportal\/wp-json\/wp\/v2\/users\/2"}],"replies":[{"embeddable":true,"href":"https:\/\/www.sudoestehoje.com.br\/novoportal\/wp-json\/wp\/v2\/comments?post=45343"}],"version-history":[{"count":2,"href":"https:\/\/www.sudoestehoje.com.br\/novoportal\/wp-json\/wp\/v2\/posts\/45343\/revisions"}],"predecessor-version":[{"id":45366,"href":"https:\/\/www.sudoestehoje.com.br\/novoportal\/wp-json\/wp\/v2\/posts\/45343\/revisions\/45366"}],"wp:attachment":[{"href":"https:\/\/www.sudoestehoje.com.br\/novoportal\/wp-json\/wp\/v2\/media?parent=45343"}],"wp:term":[{"taxonomy":"category","embeddable":true,"href":"https:\/\/www.sudoestehoje.com.br\/novoportal\/wp-json\/wp\/v2\/categories?post=45343"},{"taxonomy":"post_tag","embeddable":true,"href":"https:\/\/www.sudoestehoje.com.br\/novoportal\/wp-json\/wp\/v2\/tags?post=45343"}],"curies":[{"name":"wp","href":"https:\/\/api.w.org\/{rel}","templated":true}]}}