
{"id":45325,"date":"2014-12-16T01:02:17","date_gmt":"2014-12-16T04:02:17","guid":{"rendered":"http:\/\/www.sudoestehoje.com.br\/novoportal\/?p=45325"},"modified":"2014-12-16T01:34:44","modified_gmt":"2014-12-16T04:34:44","slug":"lula-depoe-na-policia-federal","status":"publish","type":"post","link":"https:\/\/www.sudoestehoje.com.br\/novoportal\/2014\/12\/16\/lula-depoe-na-policia-federal\/","title":{"rendered":"LULA DEP\u00d5E NA POL\u00cdCIA FEDERAL"},"content":{"rendered":"<p><a href=\"http:\/\/www.sudoestehoje.com.br\/novoportal\/wp-content\/uploads\/2014\/12\/LULA.jpg\"><img loading=\"lazy\" decoding=\"async\" class=\"wp-image-45326 alignleft\" src=\"http:\/\/www.sudoestehoje.com.br\/novoportal\/wp-content\/uploads\/2014\/12\/LULA.jpg\" alt=\"LULA\" width=\"246\" height=\"185\" srcset=\"https:\/\/www.sudoestehoje.com.br\/novoportal\/wp-content\/uploads\/2014\/12\/LULA.jpg 320w, https:\/\/www.sudoestehoje.com.br\/novoportal\/wp-content\/uploads\/2014\/12\/LULA-150x112.jpg 150w\" sizes=\"auto, (max-width: 246px) 100vw, 246px\" \/><\/a><\/p>\n<p>O ex-presidente Luiz In\u00e1cio Lula da Silva dep\u00f4s \u00e0 Pol\u00edcia Federal na \u00faltima ter\u00e7a-feira em Bras\u00edlia (DF), por causa de um inqu\u00e9rito aberto para apurar sua atua\u00e7\u00e3o no mensal\u00e3o. A investiga\u00e7\u00e3o complementar foi motivada por den\u00fancias do operador do esquema, o publicit\u00e1rio Marcos Val\u00e9rio, condenado a 37 anos, 5 meses e 6 dias de pris\u00e3o pelo Supremo Tribunal Federal. De acordo com Val\u00e9rio, o ex-presidente intermediou um repasse de 7 milh\u00f5es de reais feito ao PT por uma subsidi\u00e1ria da Portugal Telecom.<\/p>\n<p>Segundo a Folha de S. Paulo, o petista aproveitou compromissos em Bras\u00edlia para falar \u00e0 PF na condi\u00e7\u00e3o de testemunha. O Minist\u00e9rio P\u00fablico instaurou inqu\u00e9ritos a partir das acusa\u00e7\u00f5es feitas por Val\u00e9rio em depoimento \u00e0 Procuradoria-Geral da Rep\u00fablica em 2012, revelado pela revista Veja.<\/p>\n<p><img decoding=\"async\" class=\"aligncenter\" src=\"http:\/\/www.sudoestehoje.com.br\/novoportal\/wp-content\/uploads\/2014\/08\/%C3%93TICA-ITAPUAN-BANNER1.jpg\" alt=\"\u00d3TICA-ITAPUAN-BANNER1\" \/><\/p>\n","protected":false},"excerpt":{"rendered":"<p>O ex-presidente Luiz In\u00e1cio Lula da Silva dep\u00f4s \u00e0 Pol\u00edcia Federal na \u00faltima ter\u00e7a-feira em Bras\u00edlia (DF), por causa de um inqu\u00e9rito aberto para apurar sua atua\u00e7\u00e3o no mensal\u00e3o. A investiga\u00e7\u00e3o complementar foi motivada por den\u00fancias do operador do esquema, o publicit\u00e1rio Marcos Val\u00e9rio, condenado a 37 anos, 5 meses e 6 dias de pris\u00e3o [&hellip;]<\/p>\n","protected":false},"author":2,"featured_media":0,"comment_status":"open","ping_status":"open","sticky":false,"template":"","format":"standard","meta":{"footnotes":"","_links_to":"","_links_to_target":""},"categories":[1],"tags":[],"class_list":["post-45325","post","type-post","status-publish","format-standard","hentry","category-geral"],"views":1603,"_links":{"self":[{"href":"https:\/\/www.sudoestehoje.com.br\/novoportal\/wp-json\/wp\/v2\/posts\/45325","targetHints":{"allow":["GET"]}}],"collection":[{"href":"https:\/\/www.sudoestehoje.com.br\/novoportal\/wp-json\/wp\/v2\/posts"}],"about":[{"href":"https:\/\/www.sudoestehoje.com.br\/novoportal\/wp-json\/wp\/v2\/types\/post"}],"author":[{"embeddable":true,"href":"https:\/\/www.sudoestehoje.com.br\/novoportal\/wp-json\/wp\/v2\/users\/2"}],"replies":[{"embeddable":true,"href":"https:\/\/www.sudoestehoje.com.br\/novoportal\/wp-json\/wp\/v2\/comments?post=45325"}],"version-history":[{"count":2,"href":"https:\/\/www.sudoestehoje.com.br\/novoportal\/wp-json\/wp\/v2\/posts\/45325\/revisions"}],"predecessor-version":[{"id":45332,"href":"https:\/\/www.sudoestehoje.com.br\/novoportal\/wp-json\/wp\/v2\/posts\/45325\/revisions\/45332"}],"wp:attachment":[{"href":"https:\/\/www.sudoestehoje.com.br\/novoportal\/wp-json\/wp\/v2\/media?parent=45325"}],"wp:term":[{"taxonomy":"category","embeddable":true,"href":"https:\/\/www.sudoestehoje.com.br\/novoportal\/wp-json\/wp\/v2\/categories?post=45325"},{"taxonomy":"post_tag","embeddable":true,"href":"https:\/\/www.sudoestehoje.com.br\/novoportal\/wp-json\/wp\/v2\/tags?post=45325"}],"curies":[{"name":"wp","href":"https:\/\/api.w.org\/{rel}","templated":true}]}}