
{"id":4531,"date":"2011-04-22T13:37:55","date_gmt":"2011-04-22T16:37:55","guid":{"rendered":"http:\/\/www.sudoestehoje.com.br\/novoportal\/?p=4531"},"modified":"2011-04-23T16:02:18","modified_gmt":"2011-04-23T19:02:18","slug":"wagner-vai-tirar-a-barba-por-500-mil","status":"publish","type":"post","link":"https:\/\/www.sudoestehoje.com.br\/novoportal\/2011\/04\/22\/wagner-vai-tirar-a-barba-por-500-mil\/","title":{"rendered":"PINHEIRO DIZ NO TWITTER QUE WAGNER VAI TIRAR A BARBA POR R$500 MIL"},"content":{"rendered":"<div style=\"text-align: center;\"><em>Reprodu\u00e7\u00e3o\/ TV Bahia<\/em><\/div>\n<div style=\"text-align: center;\"><a href=\"http:\/\/www.politicalivre.com.br\/wp-content\/uploads\/2011\/04\/frame_wagner_barba.jpg\"><img loading=\"lazy\" decoding=\"async\" title=\"frame_wagner_barba\" src=\"http:\/\/www.politicalivre.com.br\/wp-content\/uploads\/2011\/04\/frame_wagner_barba-300x222.jpg\" alt=\"\" width=\"300\" height=\"222\" \/><\/a><\/div>\n<div style=\"text-align: center;\"><em><strong>Como Wagner deve ficar depois de tirar a barba<\/strong><\/em><\/div>\n<p style=\"text-align: center;\">\u00a0<\/p>\n<p>O governador Jaques Wagner seguiu a tend\u00eancia lan\u00e7ada por Bell Marques, cantor do Chiclete com Banana, e tamb\u00e9m vai comercializar os fios da sua barba. O chefe do Executivo baiano acertou com a Gillette um contrato de R$ 500 mil, um quarto do valor pago ao chicleteito, para desfazer o visual mantido h\u00e1 34 anos. De acordo com o Twitter do senador Walter Pinheiro (PT), \u201cos recursos ir\u00e3o para o Instituto Ayrton Senna\u201d. Ao Bahia Not\u00edcias, o parlamentar explicou que a exig\u00eancia de JW foi a de que os recursos sejam aplicados no estado. Pelo menos, nesse caso, o dinheiro da jogada de marketing ter\u00e1 o \u201ctchan, tchan, tchan, tchan\u201d de uma \u201clouv\u00e1vel finalidade<strong>\u201d. BN<\/strong><\/p>\n","protected":false},"excerpt":{"rendered":"<p>Reprodu\u00e7\u00e3o\/ TV Bahia Como Wagner deve ficar depois de tirar a barba \u00a0 O governador Jaques Wagner seguiu a tend\u00eancia lan\u00e7ada por Bell Marques, cantor do Chiclete com Banana, e tamb\u00e9m vai comercializar os fios da sua barba. O chefe do Executivo baiano acertou com a Gillette um contrato de R$ 500 mil, um quarto [&hellip;]<\/p>\n","protected":false},"author":2,"featured_media":0,"comment_status":"open","ping_status":"open","sticky":false,"template":"","format":"standard","meta":{"footnotes":"","_links_to":"","_links_to_target":""},"categories":[1],"tags":[],"class_list":["post-4531","post","type-post","status-publish","format-standard","hentry","category-geral"],"views":1251,"_links":{"self":[{"href":"https:\/\/www.sudoestehoje.com.br\/novoportal\/wp-json\/wp\/v2\/posts\/4531","targetHints":{"allow":["GET"]}}],"collection":[{"href":"https:\/\/www.sudoestehoje.com.br\/novoportal\/wp-json\/wp\/v2\/posts"}],"about":[{"href":"https:\/\/www.sudoestehoje.com.br\/novoportal\/wp-json\/wp\/v2\/types\/post"}],"author":[{"embeddable":true,"href":"https:\/\/www.sudoestehoje.com.br\/novoportal\/wp-json\/wp\/v2\/users\/2"}],"replies":[{"embeddable":true,"href":"https:\/\/www.sudoestehoje.com.br\/novoportal\/wp-json\/wp\/v2\/comments?post=4531"}],"version-history":[{"count":4,"href":"https:\/\/www.sudoestehoje.com.br\/novoportal\/wp-json\/wp\/v2\/posts\/4531\/revisions"}],"predecessor-version":[{"id":4533,"href":"https:\/\/www.sudoestehoje.com.br\/novoportal\/wp-json\/wp\/v2\/posts\/4531\/revisions\/4533"}],"wp:attachment":[{"href":"https:\/\/www.sudoestehoje.com.br\/novoportal\/wp-json\/wp\/v2\/media?parent=4531"}],"wp:term":[{"taxonomy":"category","embeddable":true,"href":"https:\/\/www.sudoestehoje.com.br\/novoportal\/wp-json\/wp\/v2\/categories?post=4531"},{"taxonomy":"post_tag","embeddable":true,"href":"https:\/\/www.sudoestehoje.com.br\/novoportal\/wp-json\/wp\/v2\/tags?post=4531"}],"curies":[{"name":"wp","href":"https:\/\/api.w.org\/{rel}","templated":true}]}}