
{"id":45291,"date":"2014-12-14T15:10:13","date_gmt":"2014-12-14T18:10:13","guid":{"rendered":"http:\/\/www.sudoestehoje.com.br\/novoportal\/?p=45291"},"modified":"2014-12-14T15:31:30","modified_gmt":"2014-12-14T18:31:30","slug":"michel-reafirma-acordo-para-lancar-candidato-de-consenso-com-ze-otavio","status":"publish","type":"post","link":"https:\/\/www.sudoestehoje.com.br\/novoportal\/2014\/12\/14\/michel-reafirma-acordo-para-lancar-candidato-de-consenso-com-ze-otavio\/","title":{"rendered":"MICHEL REAFIRMA ACORDO PARA LAN\u00c7AR CANDIDATO DE CONSENSO COM Z\u00c9 OT\u00c1VIO"},"content":{"rendered":"<p><a href=\"http:\/\/www.sudoestehoje.com.br\/novoportal\/wp-content\/uploads\/2014\/12\/MICHA.jpg\"><img loading=\"lazy\" decoding=\"async\" class=\"aligncenter size-medium wp-image-45293\" src=\"http:\/\/www.sudoestehoje.com.br\/novoportal\/wp-content\/uploads\/2014\/12\/MICHA-500x331.jpg\" alt=\"MICHA\" width=\"500\" height=\"331\" srcset=\"https:\/\/www.sudoestehoje.com.br\/novoportal\/wp-content\/uploads\/2014\/12\/MICHA-500x331.jpg 500w, https:\/\/www.sudoestehoje.com.br\/novoportal\/wp-content\/uploads\/2014\/12\/MICHA-150x99.jpg 150w, https:\/\/www.sudoestehoje.com.br\/novoportal\/wp-content\/uploads\/2014\/12\/MICHA.jpg 600w\" sizes=\"auto, (max-width: 500px) 100vw, 500px\" \/><\/a><\/p>\n<p><strong><em>Blog do Anderson<\/em><\/strong><\/p>\n<p>Aos 87 anos de idade, o ex-prefeito de Itapetinga, Michel Jos\u00e9 Hagge Filho, est\u00e1 antenado na vida pol\u00edtica e participou ativamente destas \u00faltimas elei\u00e7\u00f5es. Em Vit\u00f3ria da Conquista nesta quarta-feira (10), ao lado da sua esposa, Iracema Almeida Hagge,\u00a0Michel Hagge fez cr\u00edticas ao seu maior advers\u00e1rio pol\u00edtico, o prefeito Jos\u00e9 Carlos Cruz Cerqueira Moura (PT).<\/p>\n<p>Segundo Michel, a reprova\u00e7\u00e3o do petista chega a 80% do eleitorado itapetinguense. <em>\u201cN\u00e3o vai bem. N\u00e3o sou eu que vou dizer, pois sou oposi\u00e7\u00e3o, se voc\u00ea perguntar a 80% do povo de Itapetinga eles vai dizer que n\u00e3o vai bem. As contas dele de 2013 foram rejeitadas, o Tribunal al\u00e9m de mult\u00e1-lo, est\u00e1 o intimando\u201d,<\/em> afirmou Hagge. <em>\u201cA solu\u00e7\u00e3o \u00e9 Itapetinga tomar ju\u00edzo e eleger um prefeito que esteja \u00e0 altura da administra\u00e7\u00e3o dela\u201d<\/em>, sugeriu.<\/p>\n<p>Ap\u00f3s um longo tempo, Michel se aliou ao ex-prefeito Jos\u00e9 Ot\u00e1vio Curvelo, com isso a oposi\u00e7\u00e3o ganha for\u00e7as para as elei\u00e7\u00f5es de 2016. <em>\u201cTenho um acordo com o doutor Z\u00e9 Ot\u00e1vio e vamos tentar um candidato de consenso\u201d,<\/em> revelou. <strong><a href=\"http:\/\/www.blogdoanderson.com\/2014\/09\/20\/eleicoes-2014-herzem-destaca-luta-para-levar-curso-de-medicina-para-uesb-de-itapetinga\/\" target=\"_blank\">Cabo eleitoral do radialista conquistense Herzem Gusm\u00e3o Pereira<\/a><\/strong>, que disputou uma das 63 cagas na Assembleia Legislativa da Bahia, Michel Hagge lamentou a decis\u00e3o judicial que resultou no<strong><a href=\"http:\/\/www.blogdoanderson.com\/2014\/11\/26\/eleicoes-2014-inelegivel-por-8-anos-herzem-explica-o-processo-tse-prometendo-recorrer-stf\/\" target=\"_blank\">cancelamento do registro do seu candidato<\/a><\/strong>.<\/p>\n<p><em>\u201cInfelizmente a justi\u00e7a brasileira tem muitas falhas pelo que vejo que aconteceu com o Herzem. Porque Herzem perdeu os direitos pol\u00edticos dele?. \u00c9 um homem que n\u00e3o tem nada que desabone sua conduta, n\u00e3o esta envolvido em nenhum ato de corrup\u00e7\u00e3o, s\u00f3 o ato de criticar um prefeito e pelo que vi nem chegou a chamar o prefeito de corrupto. Ele criticou a administra\u00e7\u00e3o\u201d,<\/em> complementa.<\/p>\n<p><img decoding=\"async\" class=\"aligncenter\" src=\"http:\/\/www.sudoestehoje.com.br\/novoportal\/wp-content\/uploads\/2014\/09\/supermoda.png\" alt=\"supermoda\" \/><\/p>\n","protected":false},"excerpt":{"rendered":"<p>Blog do Anderson Aos 87 anos de idade, o ex-prefeito de Itapetinga, Michel Jos\u00e9 Hagge Filho, est\u00e1 antenado na vida pol\u00edtica e participou ativamente destas \u00faltimas elei\u00e7\u00f5es. Em Vit\u00f3ria da Conquista nesta quarta-feira (10), ao lado da sua esposa, Iracema Almeida Hagge,\u00a0Michel Hagge fez cr\u00edticas ao seu maior advers\u00e1rio pol\u00edtico, o prefeito Jos\u00e9 Carlos Cruz [&hellip;]<\/p>\n","protected":false},"author":2,"featured_media":0,"comment_status":"open","ping_status":"open","sticky":false,"template":"","format":"standard","meta":{"footnotes":"","_links_to":"","_links_to_target":""},"categories":[1],"tags":[],"class_list":["post-45291","post","type-post","status-publish","format-standard","hentry","category-geral"],"views":1179,"_links":{"self":[{"href":"https:\/\/www.sudoestehoje.com.br\/novoportal\/wp-json\/wp\/v2\/posts\/45291","targetHints":{"allow":["GET"]}}],"collection":[{"href":"https:\/\/www.sudoestehoje.com.br\/novoportal\/wp-json\/wp\/v2\/posts"}],"about":[{"href":"https:\/\/www.sudoestehoje.com.br\/novoportal\/wp-json\/wp\/v2\/types\/post"}],"author":[{"embeddable":true,"href":"https:\/\/www.sudoestehoje.com.br\/novoportal\/wp-json\/wp\/v2\/users\/2"}],"replies":[{"embeddable":true,"href":"https:\/\/www.sudoestehoje.com.br\/novoportal\/wp-json\/wp\/v2\/comments?post=45291"}],"version-history":[{"count":4,"href":"https:\/\/www.sudoestehoje.com.br\/novoportal\/wp-json\/wp\/v2\/posts\/45291\/revisions"}],"predecessor-version":[{"id":45296,"href":"https:\/\/www.sudoestehoje.com.br\/novoportal\/wp-json\/wp\/v2\/posts\/45291\/revisions\/45296"}],"wp:attachment":[{"href":"https:\/\/www.sudoestehoje.com.br\/novoportal\/wp-json\/wp\/v2\/media?parent=45291"}],"wp:term":[{"taxonomy":"category","embeddable":true,"href":"https:\/\/www.sudoestehoje.com.br\/novoportal\/wp-json\/wp\/v2\/categories?post=45291"},{"taxonomy":"post_tag","embeddable":true,"href":"https:\/\/www.sudoestehoje.com.br\/novoportal\/wp-json\/wp\/v2\/tags?post=45291"}],"curies":[{"name":"wp","href":"https:\/\/api.w.org\/{rel}","templated":true}]}}