
{"id":45278,"date":"2014-12-14T12:32:58","date_gmt":"2014-12-14T15:32:58","guid":{"rendered":"http:\/\/www.sudoestehoje.com.br\/novoportal\/?p=45278"},"modified":"2014-12-14T12:35:52","modified_gmt":"2014-12-14T15:35:52","slug":"a-eleicao-da-camara-e-a-mala-preta","status":"publish","type":"post","link":"https:\/\/www.sudoestehoje.com.br\/novoportal\/2014\/12\/14\/a-eleicao-da-camara-e-a-mala-preta\/","title":{"rendered":"A ELEI\u00c7\u00c3O DA C\u00c2MARA E A &#8220;MALA PRETA&#8221;"},"content":{"rendered":"<p><a href=\"http:\/\/www.sudoestehoje.com.br\/novoportal\/wp-content\/uploads\/2014\/12\/mala.jpg\"><img loading=\"lazy\" decoding=\"async\" class=\"aligncenter size-full wp-image-45279\" src=\"http:\/\/www.sudoestehoje.com.br\/novoportal\/wp-content\/uploads\/2014\/12\/mala.jpg\" alt=\"mala\" width=\"500\" height=\"375\" srcset=\"https:\/\/www.sudoestehoje.com.br\/novoportal\/wp-content\/uploads\/2014\/12\/mala.jpg 500w, https:\/\/www.sudoestehoje.com.br\/novoportal\/wp-content\/uploads\/2014\/12\/mala-150x112.jpg 150w\" sizes=\"auto, (max-width: 500px) 100vw, 500px\" \/><\/a><\/p>\n<p>As not\u00edcias sobre a disputa pela presid\u00eancia da C\u00e2mara de Vereadores de Itapetinga viraram destaque em toda a regi\u00e3o, pela forma <em>&#8216;sui generis&#8217;<\/em> como vem sendo tratada pelo grupo do prefeito, depois que oito vereadores de diversos partidos se uniram para concorrer contra a chapa de situa\u00e7\u00e3o.<\/p>\n<p>Segundo mat\u00e9ria postada no prestigiado site Pol\u00edticos do Sul da Bahia, de Itabuna, uma suposta <em>&#8216;mala preta&#8217;,<\/em> com 100 mil motivos, corre solta pelos bastidores da C\u00e2mara Municipal, deixando muita gente com \u00e1gua na boca. Confira a mat\u00e9ria:<\/p>\n<p><em>&#8220;A elei\u00e7\u00e3o da mesa diretora da c\u00e2mara de vereadores de Itapetinga est\u00e1 causando tens\u00e3o nos meios pol\u00edticos. O vereador de oposi\u00e7\u00e3o, Amaral Junior (PRP), est\u00e1 se articulando para ter o apoio de vereadores da oposi\u00e7\u00e3o e da situa\u00e7\u00e3o.<\/em><\/p>\n<p><em>Mas membros do governo municipal est\u00e3o trabalhando para eleger Valdeir Chagas (PDT), j\u00e1 que o mesmo \u00e9 considerado um bom comandado para assumir a presid\u00eancia da c\u00e2mara.<\/em><\/p>\n<p><em>Segundo informa\u00e7\u00f5es, tem um ex-vereador do munic\u00edpio com uma pasta \u201c007\u201d procurando cada vereador, usando 100 mil motivos para convenc\u00ea-lo a votar em Valdeir Chagas. Mas Amaral est\u00e1 tranquilo, segundo ele, os vereadores que est\u00e3o o apoiando s\u00e3o pessoas de bens, por isso n\u00e3o ser\u00e3o comprados.&#8221;<\/em><\/p>\n<p>Se fosse s\u00f3 a mala&#8230;<\/p>\n<p><strong><em>Por Davi Ferraz<\/em><\/strong><\/p>\n<p><img decoding=\"async\" class=\"aligncenter\" src=\"http:\/\/www.sudoestehoje.com.br\/novoportal\/wp-content\/uploads\/2014\/12\/Banner-Casabella-500x104.jpg\" alt=\"Banner Casabella\" \/><\/p>\n","protected":false},"excerpt":{"rendered":"<p>As not\u00edcias sobre a disputa pela presid\u00eancia da C\u00e2mara de Vereadores de Itapetinga viraram destaque em toda a regi\u00e3o, pela forma &#8216;sui generis&#8217; como vem sendo tratada pelo grupo do prefeito, depois que oito vereadores de diversos partidos se uniram para concorrer contra a chapa de situa\u00e7\u00e3o. Segundo mat\u00e9ria postada no prestigiado site Pol\u00edticos do [&hellip;]<\/p>\n","protected":false},"author":2,"featured_media":45279,"comment_status":"open","ping_status":"open","sticky":false,"template":"","format":"standard","meta":{"footnotes":"","_links_to":"","_links_to_target":""},"categories":[1],"tags":[],"class_list":["post-45278","post","type-post","status-publish","format-standard","has-post-thumbnail","hentry","category-geral"],"views":1588,"_links":{"self":[{"href":"https:\/\/www.sudoestehoje.com.br\/novoportal\/wp-json\/wp\/v2\/posts\/45278","targetHints":{"allow":["GET"]}}],"collection":[{"href":"https:\/\/www.sudoestehoje.com.br\/novoportal\/wp-json\/wp\/v2\/posts"}],"about":[{"href":"https:\/\/www.sudoestehoje.com.br\/novoportal\/wp-json\/wp\/v2\/types\/post"}],"author":[{"embeddable":true,"href":"https:\/\/www.sudoestehoje.com.br\/novoportal\/wp-json\/wp\/v2\/users\/2"}],"replies":[{"embeddable":true,"href":"https:\/\/www.sudoestehoje.com.br\/novoportal\/wp-json\/wp\/v2\/comments?post=45278"}],"version-history":[{"count":3,"href":"https:\/\/www.sudoestehoje.com.br\/novoportal\/wp-json\/wp\/v2\/posts\/45278\/revisions"}],"predecessor-version":[{"id":45282,"href":"https:\/\/www.sudoestehoje.com.br\/novoportal\/wp-json\/wp\/v2\/posts\/45278\/revisions\/45282"}],"wp:featuredmedia":[{"embeddable":true,"href":"https:\/\/www.sudoestehoje.com.br\/novoportal\/wp-json\/wp\/v2\/media\/45279"}],"wp:attachment":[{"href":"https:\/\/www.sudoestehoje.com.br\/novoportal\/wp-json\/wp\/v2\/media?parent=45278"}],"wp:term":[{"taxonomy":"category","embeddable":true,"href":"https:\/\/www.sudoestehoje.com.br\/novoportal\/wp-json\/wp\/v2\/categories?post=45278"},{"taxonomy":"post_tag","embeddable":true,"href":"https:\/\/www.sudoestehoje.com.br\/novoportal\/wp-json\/wp\/v2\/tags?post=45278"}],"curies":[{"name":"wp","href":"https:\/\/api.w.org\/{rel}","templated":true}]}}