
{"id":45187,"date":"2014-12-11T07:38:41","date_gmt":"2014-12-11T10:38:41","guid":{"rendered":"http:\/\/www.sudoestehoje.com.br\/novoportal\/?p=45187"},"modified":"2014-12-11T07:40:33","modified_gmt":"2014-12-11T10:40:33","slug":"itororo-mesa-diretora-da-camara-de-vereadores-e-reeleita","status":"publish","type":"post","link":"https:\/\/www.sudoestehoje.com.br\/novoportal\/2014\/12\/11\/itororo-mesa-diretora-da-camara-de-vereadores-e-reeleita\/","title":{"rendered":"ITOROR\u00d3: MESA DIRETORA DA C\u00c2MARA DE VEREADORES \u00c9 REELEITA"},"content":{"rendered":"<p><a href=\"http:\/\/www.sudoestehoje.com.br\/novoportal\/wp-content\/uploads\/2014\/12\/BIDU.jpg\"><img loading=\"lazy\" decoding=\"async\" class=\"aligncenter size-medium wp-image-45189\" src=\"http:\/\/www.sudoestehoje.com.br\/novoportal\/wp-content\/uploads\/2014\/12\/BIDU-500x375.jpg\" alt=\"BIDU\" width=\"500\" height=\"375\" srcset=\"https:\/\/www.sudoestehoje.com.br\/novoportal\/wp-content\/uploads\/2014\/12\/BIDU-500x375.jpg 500w, https:\/\/www.sudoestehoje.com.br\/novoportal\/wp-content\/uploads\/2014\/12\/BIDU-700x525.jpg 700w, https:\/\/www.sudoestehoje.com.br\/novoportal\/wp-content\/uploads\/2014\/12\/BIDU-150x112.jpg 150w, https:\/\/www.sudoestehoje.com.br\/novoportal\/wp-content\/uploads\/2014\/12\/BIDU.jpg 960w\" sizes=\"auto, (max-width: 500px) 100vw, 500px\" \/><\/a><\/p>\n<p>Sob o comando do atuante vereador Genivaldo Carneiro, o &#8216;Biduinha&#8217;, a mesa diretora da C\u00e2mara de Vereadores de Itoror\u00f3 foi reeleita para o bi\u00eanio 2015-2016.<\/p>\n<p>Na sess\u00e3o realizada na \u00faltima ter\u00e7a-feira (9), oito vereadores votaram a favor da chapa \u00fanica que tem como presidente o vereador Biduinha, vice-presidente Jo\u00e3o Brito, 1\u00ba secret\u00e1rio Jo\u00e3o Dawison, e 2\u00ba secret\u00e1rio o vereador Cosme Jos\u00e9 dos Santos.<\/p>\n<p>Os tr\u00eas vereadores da bancada do PT votaram em branco, por raz\u00f5es partid\u00e1rias, mas reconheceram o excelente trabalho que o vereador Biduinha vem desenvolvendo no comando do legislativo itororoense.<\/p>\n<p><strong><em>Por Davi Ferraz<\/em><\/strong><\/p>\n<p><img decoding=\"async\" class=\"aligncenter\" src=\"http:\/\/www.sudoestehoje.com.br\/novoportal\/wp-content\/uploads\/2014\/11\/Logomarca-HB-Sementes-500x134.jpg\" alt=\"Logomarca HB Sementes\" \/><\/p>\n","protected":false},"excerpt":{"rendered":"<p>Sob o comando do atuante vereador Genivaldo Carneiro, o &#8216;Biduinha&#8217;, a mesa diretora da C\u00e2mara de Vereadores de Itoror\u00f3 foi reeleita para o bi\u00eanio 2015-2016. Na sess\u00e3o realizada na \u00faltima ter\u00e7a-feira (9), oito vereadores votaram a favor da chapa \u00fanica que tem como presidente o vereador Biduinha, vice-presidente Jo\u00e3o Brito, 1\u00ba secret\u00e1rio Jo\u00e3o Dawison, e [&hellip;]<\/p>\n","protected":false},"author":2,"featured_media":0,"comment_status":"open","ping_status":"open","sticky":false,"template":"","format":"standard","meta":{"footnotes":"","_links_to":"","_links_to_target":""},"categories":[1],"tags":[],"class_list":["post-45187","post","type-post","status-publish","format-standard","hentry","category-geral"],"views":1253,"_links":{"self":[{"href":"https:\/\/www.sudoestehoje.com.br\/novoportal\/wp-json\/wp\/v2\/posts\/45187","targetHints":{"allow":["GET"]}}],"collection":[{"href":"https:\/\/www.sudoestehoje.com.br\/novoportal\/wp-json\/wp\/v2\/posts"}],"about":[{"href":"https:\/\/www.sudoestehoje.com.br\/novoportal\/wp-json\/wp\/v2\/types\/post"}],"author":[{"embeddable":true,"href":"https:\/\/www.sudoestehoje.com.br\/novoportal\/wp-json\/wp\/v2\/users\/2"}],"replies":[{"embeddable":true,"href":"https:\/\/www.sudoestehoje.com.br\/novoportal\/wp-json\/wp\/v2\/comments?post=45187"}],"version-history":[{"count":4,"href":"https:\/\/www.sudoestehoje.com.br\/novoportal\/wp-json\/wp\/v2\/posts\/45187\/revisions"}],"predecessor-version":[{"id":45193,"href":"https:\/\/www.sudoestehoje.com.br\/novoportal\/wp-json\/wp\/v2\/posts\/45187\/revisions\/45193"}],"wp:attachment":[{"href":"https:\/\/www.sudoestehoje.com.br\/novoportal\/wp-json\/wp\/v2\/media?parent=45187"}],"wp:term":[{"taxonomy":"category","embeddable":true,"href":"https:\/\/www.sudoestehoje.com.br\/novoportal\/wp-json\/wp\/v2\/categories?post=45187"},{"taxonomy":"post_tag","embeddable":true,"href":"https:\/\/www.sudoestehoje.com.br\/novoportal\/wp-json\/wp\/v2\/tags?post=45187"}],"curies":[{"name":"wp","href":"https:\/\/api.w.org\/{rel}","templated":true}]}}