
{"id":45167,"date":"2014-12-10T18:09:45","date_gmt":"2014-12-10T21:09:45","guid":{"rendered":"http:\/\/www.sudoestehoje.com.br\/novoportal\/?p=45167"},"modified":"2014-12-10T18:26:44","modified_gmt":"2014-12-10T21:26:44","slug":"bahia-servidores-de-orgaos-extintos-podem-ficar-na-rua-da-amargura","status":"publish","type":"post","link":"https:\/\/www.sudoestehoje.com.br\/novoportal\/2014\/12\/10\/bahia-servidores-de-orgaos-extintos-podem-ficar-na-rua-da-amargura\/","title":{"rendered":"BAHIA: SERVIDORES DE \u00d3RG\u00c3OS EXTINTOS PODEM FICAR NA &#8220;RUA DA AMARGURA&#8221;"},"content":{"rendered":"<p><a href=\"http:\/\/www.sudoestehoje.com.br\/novoportal\/wp-content\/uploads\/2014\/12\/AMARGURA.jpg\"><img loading=\"lazy\" decoding=\"async\" class=\"aligncenter size-medium wp-image-45168\" src=\"http:\/\/www.sudoestehoje.com.br\/novoportal\/wp-content\/uploads\/2014\/12\/AMARGURA-500x375.jpg\" alt=\"AMARGURA\" width=\"500\" height=\"375\" srcset=\"https:\/\/www.sudoestehoje.com.br\/novoportal\/wp-content\/uploads\/2014\/12\/AMARGURA-500x375.jpg 500w, https:\/\/www.sudoestehoje.com.br\/novoportal\/wp-content\/uploads\/2014\/12\/AMARGURA-700x525.jpg 700w, https:\/\/www.sudoestehoje.com.br\/novoportal\/wp-content\/uploads\/2014\/12\/AMARGURA-150x112.jpg 150w, https:\/\/www.sudoestehoje.com.br\/novoportal\/wp-content\/uploads\/2014\/12\/AMARGURA.jpg 1280w\" sizes=\"auto, (max-width: 500px) 100vw, 500px\" \/><\/a><\/p>\n<p>Os deputados da oposi\u00e7\u00e3o criticaram, durante sess\u00e3o desta quarta-feira (10), a falta de detalhes sobre o futuro dos funcion\u00e1rios dos \u00f3rg\u00e3os de governo que devem ser extintos caso seja votada a <a href=\"http:\/\/www.bahianoticias.com.br\/noticia\/163943-reforma-de-rui-costa-exclui-seis-secretarias-e-cria-tres-novas-pastas-no-governo-baiano.html\" target=\"_blank\">reforma administrativa proposta pelo governador eleito Rui Costa (PT)<\/a>.<\/p>\n<p>O vice-l\u00edder da oposi\u00e7\u00e3o, Carlos Gaban (DEM), disse que executivo \u201csempre teve inten\u00e7\u00e3o de privatizar a Ebal\u201d e defendeu que o projeto deveria ser alterado para garantir que os servidores p\u00fablicos n\u00e3o ser\u00e3o prejudicados.<\/p>\n<p>O l\u00edder do governo, Z\u00e9 Neto (PT), defendeu que no projeto de lei j\u00e1 consta o desenvolvimento de um <em>estudo<\/em> para definir a destina\u00e7\u00e3o dos funcion\u00e1rios e afirmou que, desde esta ter\u00e7a (9), j\u00e1 come\u00e7aram a definir datas para reuni\u00f5es com os representantes dos trabalhadores.<\/p>\n<p>O deputado Carlos Geilson (PTN), contudo, sugeriu que caso a decis\u00e3o ocorra ap\u00f3s a aprova\u00e7\u00e3o o governo pode n\u00e3o cumprir a promessa. <em>&#8220;Se o governo n\u00e3o cumpre acordo, vai cumprir acordo depois da reforma pronta? Quem vai acreditar nessa promessa? A Carochinha?&#8221;<\/em>, provocou.<\/p>\n<p><img decoding=\"async\" class=\"aligncenter\" src=\"http:\/\/www.sudoestehoje.com.br\/novoportal\/wp-content\/uploads\/2014\/12\/Banner-Casabella-500x104.jpg\" alt=\"Banner Casabella\" \/><\/p>\n","protected":false},"excerpt":{"rendered":"<p>Os deputados da oposi\u00e7\u00e3o criticaram, durante sess\u00e3o desta quarta-feira (10), a falta de detalhes sobre o futuro dos funcion\u00e1rios dos \u00f3rg\u00e3os de governo que devem ser extintos caso seja votada a reforma administrativa proposta pelo governador eleito Rui Costa (PT). O vice-l\u00edder da oposi\u00e7\u00e3o, Carlos Gaban (DEM), disse que executivo \u201csempre teve inten\u00e7\u00e3o de privatizar [&hellip;]<\/p>\n","protected":false},"author":2,"featured_media":0,"comment_status":"open","ping_status":"open","sticky":false,"template":"","format":"standard","meta":{"footnotes":"","_links_to":"","_links_to_target":""},"categories":[1],"tags":[],"class_list":["post-45167","post","type-post","status-publish","format-standard","hentry","category-geral"],"views":3240,"_links":{"self":[{"href":"https:\/\/www.sudoestehoje.com.br\/novoportal\/wp-json\/wp\/v2\/posts\/45167","targetHints":{"allow":["GET"]}}],"collection":[{"href":"https:\/\/www.sudoestehoje.com.br\/novoportal\/wp-json\/wp\/v2\/posts"}],"about":[{"href":"https:\/\/www.sudoestehoje.com.br\/novoportal\/wp-json\/wp\/v2\/types\/post"}],"author":[{"embeddable":true,"href":"https:\/\/www.sudoestehoje.com.br\/novoportal\/wp-json\/wp\/v2\/users\/2"}],"replies":[{"embeddable":true,"href":"https:\/\/www.sudoestehoje.com.br\/novoportal\/wp-json\/wp\/v2\/comments?post=45167"}],"version-history":[{"count":4,"href":"https:\/\/www.sudoestehoje.com.br\/novoportal\/wp-json\/wp\/v2\/posts\/45167\/revisions"}],"predecessor-version":[{"id":45172,"href":"https:\/\/www.sudoestehoje.com.br\/novoportal\/wp-json\/wp\/v2\/posts\/45167\/revisions\/45172"}],"wp:attachment":[{"href":"https:\/\/www.sudoestehoje.com.br\/novoportal\/wp-json\/wp\/v2\/media?parent=45167"}],"wp:term":[{"taxonomy":"category","embeddable":true,"href":"https:\/\/www.sudoestehoje.com.br\/novoportal\/wp-json\/wp\/v2\/categories?post=45167"},{"taxonomy":"post_tag","embeddable":true,"href":"https:\/\/www.sudoestehoje.com.br\/novoportal\/wp-json\/wp\/v2\/tags?post=45167"}],"curies":[{"name":"wp","href":"https:\/\/api.w.org\/{rel}","templated":true}]}}