
{"id":45153,"date":"2014-12-09T18:58:32","date_gmt":"2014-12-09T21:58:32","guid":{"rendered":"http:\/\/www.sudoestehoje.com.br\/novoportal\/?p=45153"},"modified":"2014-12-09T19:14:28","modified_gmt":"2014-12-09T22:14:28","slug":"conquista-contas-do-prefeito-guilherme-sao-reprovadas-pelo-tcm","status":"publish","type":"post","link":"https:\/\/www.sudoestehoje.com.br\/novoportal\/2014\/12\/09\/conquista-contas-do-prefeito-guilherme-sao-reprovadas-pelo-tcm\/","title":{"rendered":"CONQUISTA: CONTAS DO PREFEITO GUILHERME S\u00c3O REPROVADAS PELO TCM"},"content":{"rendered":"<p class=\"western\" align=\"JUSTIFY\"><a href=\"http:\/\/www.sudoestehoje.com.br\/novoportal\/wp-content\/uploads\/2014\/12\/Guilherme_Menezes.jpg\"><img loading=\"lazy\" decoding=\"async\" class=\"aligncenter size-medium wp-image-45154\" src=\"http:\/\/www.sudoestehoje.com.br\/novoportal\/wp-content\/uploads\/2014\/12\/Guilherme_Menezes-500x334.jpg\" alt=\"Guilherme_Menezes\" width=\"500\" height=\"334\" srcset=\"https:\/\/www.sudoestehoje.com.br\/novoportal\/wp-content\/uploads\/2014\/12\/Guilherme_Menezes-500x334.jpg 500w, https:\/\/www.sudoestehoje.com.br\/novoportal\/wp-content\/uploads\/2014\/12\/Guilherme_Menezes-150x100.jpg 150w, https:\/\/www.sudoestehoje.com.br\/novoportal\/wp-content\/uploads\/2014\/12\/Guilherme_Menezes.jpg 565w\" sizes=\"auto, (max-width: 500px) 100vw, 500px\" \/><\/a><\/p>\n<p class=\"western\" align=\"JUSTIFY\">As contas da Prefeitura de Vit\u00f3ria da Conquista, da responsabilidade de Guilherme Menezes de Andrade, referentes ao exerc\u00edcio de 2013, foram reprovadas pelo Tribunal de Contas dos Munic\u00edpios, na sess\u00e3o desta ter\u00e7a-feira (09\/12). O conselheiro relator, Fernando Vita, aplicou multa de R$ 5 mil ao gestor pelas irregularidades remanescentes no parecer.<\/p>\n<p class=\"western\" align=\"JUSTIFY\">As contas foram rejeitadas em raz\u00e3o da abertura de cr\u00e9ditos adicionais suplementares sem a exist\u00eancia dos recursos correspondentes, fato que, por si s\u00f3, compromete o m\u00e9rito das contas. Em face da irregularidade, a relatoria determinou a formula\u00e7\u00e3o de representa\u00e7\u00e3o ao Minist\u00e9rio P\u00fablico Estadual contra o gestor.<\/p>\n<p class=\"western\" align=\"JUSTIFY\">No exerc\u00edcio de 2013, o Munic\u00edpio de Vit\u00f3ria da Conquista apresentou uma receita arrecadada na ordem de R$ 468.290.061,81 e realizou despesas no montante de R$ 475.096.792,02, resultando em um d\u00e9ficit or\u00e7ament\u00e1rio de R$ 6.806.730,21, refletindo um desequil\u00edbrio das contas p\u00fablicas.<\/p>\n<p class=\"western\" align=\"JUSTIFY\"><img decoding=\"async\" class=\"aligncenter\" src=\"http:\/\/www.sudoestehoje.com.br\/novoportal\/wp-content\/uploads\/2014\/12\/Banner-CDL-500x227.jpg\" alt=\"Banner-CDL\" \/><\/p>\n","protected":false},"excerpt":{"rendered":"<p>As contas da Prefeitura de Vit\u00f3ria da Conquista, da responsabilidade de Guilherme Menezes de Andrade, referentes ao exerc\u00edcio de 2013, foram reprovadas pelo Tribunal de Contas dos Munic\u00edpios, na sess\u00e3o desta ter\u00e7a-feira (09\/12). O conselheiro relator, Fernando Vita, aplicou multa de R$ 5 mil ao gestor pelas irregularidades remanescentes no parecer. As contas foram rejeitadas [&hellip;]<\/p>\n","protected":false},"author":2,"featured_media":0,"comment_status":"open","ping_status":"open","sticky":false,"template":"","format":"standard","meta":{"footnotes":"","_links_to":"","_links_to_target":""},"categories":[1],"tags":[],"class_list":["post-45153","post","type-post","status-publish","format-standard","hentry","category-geral"],"views":1216,"_links":{"self":[{"href":"https:\/\/www.sudoestehoje.com.br\/novoportal\/wp-json\/wp\/v2\/posts\/45153","targetHints":{"allow":["GET"]}}],"collection":[{"href":"https:\/\/www.sudoestehoje.com.br\/novoportal\/wp-json\/wp\/v2\/posts"}],"about":[{"href":"https:\/\/www.sudoestehoje.com.br\/novoportal\/wp-json\/wp\/v2\/types\/post"}],"author":[{"embeddable":true,"href":"https:\/\/www.sudoestehoje.com.br\/novoportal\/wp-json\/wp\/v2\/users\/2"}],"replies":[{"embeddable":true,"href":"https:\/\/www.sudoestehoje.com.br\/novoportal\/wp-json\/wp\/v2\/comments?post=45153"}],"version-history":[{"count":2,"href":"https:\/\/www.sudoestehoje.com.br\/novoportal\/wp-json\/wp\/v2\/posts\/45153\/revisions"}],"predecessor-version":[{"id":45161,"href":"https:\/\/www.sudoestehoje.com.br\/novoportal\/wp-json\/wp\/v2\/posts\/45153\/revisions\/45161"}],"wp:attachment":[{"href":"https:\/\/www.sudoestehoje.com.br\/novoportal\/wp-json\/wp\/v2\/media?parent=45153"}],"wp:term":[{"taxonomy":"category","embeddable":true,"href":"https:\/\/www.sudoestehoje.com.br\/novoportal\/wp-json\/wp\/v2\/categories?post=45153"},{"taxonomy":"post_tag","embeddable":true,"href":"https:\/\/www.sudoestehoje.com.br\/novoportal\/wp-json\/wp\/v2\/tags?post=45153"}],"curies":[{"name":"wp","href":"https:\/\/api.w.org\/{rel}","templated":true}]}}