
{"id":45144,"date":"2014-12-09T18:27:02","date_gmt":"2014-12-09T21:27:02","guid":{"rendered":"http:\/\/www.sudoestehoje.com.br\/novoportal\/?p=45144"},"modified":"2014-12-09T19:17:21","modified_gmt":"2014-12-09T22:17:21","slug":"macarani-wagner-faz-entrega-de-onibus-escolar-ao-prefeito-carlinhos","status":"publish","type":"post","link":"https:\/\/www.sudoestehoje.com.br\/novoportal\/2014\/12\/09\/macarani-wagner-faz-entrega-de-onibus-escolar-ao-prefeito-carlinhos\/","title":{"rendered":"MACARANI: WAGNER FAZ ENTREGA DE \u00d4NIBUS ESCOLAR AO PREFEITO CARLINHOS"},"content":{"rendered":"<p><a href=\"http:\/\/www.sudoestehoje.com.br\/novoportal\/wp-content\/uploads\/2014\/12\/mac1.jpg\"><img loading=\"lazy\" decoding=\"async\" class=\"aligncenter size-medium wp-image-45145\" src=\"http:\/\/www.sudoestehoje.com.br\/novoportal\/wp-content\/uploads\/2014\/12\/mac1-500x301.jpg\" alt=\"mac1\" width=\"500\" height=\"301\" srcset=\"https:\/\/www.sudoestehoje.com.br\/novoportal\/wp-content\/uploads\/2014\/12\/mac1-500x301.jpg 500w, https:\/\/www.sudoestehoje.com.br\/novoportal\/wp-content\/uploads\/2014\/12\/mac1-700x421.jpg 700w, https:\/\/www.sudoestehoje.com.br\/novoportal\/wp-content\/uploads\/2014\/12\/mac1-150x90.jpg 150w, https:\/\/www.sudoestehoje.com.br\/novoportal\/wp-content\/uploads\/2014\/12\/mac1.jpg 951w\" sizes=\"auto, (max-width: 500px) 100vw, 500px\" \/><\/a><\/p>\n<p>Na manh\u00e3 desta ter\u00e7a-feira (9) o governador Jaques Wagner entregou as chaves de um novo \u00f4nibus escolar \u00e0 prefeitura de Macarani, que deve garantir, na ida e na volta do col\u00e9gio, mais conforto e seguran\u00e7a para milhares de crian\u00e7as. Criado em 2007, o Programa Caminho da Escola, do governo federal, tem levado progresso a diversas cidades baianas. Durante o evento, Wagner tamb\u00e9m assinou ordem de servi\u00e7o para a constru\u00e7\u00e3o de 488 cisternas, que devem beneficiar milhares de fam\u00edlias da zona rural do munic\u00edpio.<\/p>\n<p><em>\u201c\u00c9 uma alegria entregar ao munic\u00edpio de Macarani esse \u00f4nibus e a autoriza\u00e7\u00e3o para a constru\u00e7\u00e3o das cisternas. Estou honrando compromisso. Isso vai trazer melhorias e ainda mais condi\u00e7\u00f5es para que a popula\u00e7\u00e3o local viva com mais comodidade. S\u00f3 vamos parar quando os problemas, como a falta de \u00e1gua, n\u00e3o existirem mais\u201d<\/em>, afirmou o governador Jaques Wagner.<\/p>\n<p><a href=\"http:\/\/www.sudoestehoje.com.br\/novoportal\/wp-content\/uploads\/2014\/12\/mac2.jpg\"><img loading=\"lazy\" decoding=\"async\" class=\"aligncenter size-medium wp-image-45146\" src=\"http:\/\/www.sudoestehoje.com.br\/novoportal\/wp-content\/uploads\/2014\/12\/mac2-500x260.jpg\" alt=\"mac2\" width=\"500\" height=\"260\" srcset=\"https:\/\/www.sudoestehoje.com.br\/novoportal\/wp-content\/uploads\/2014\/12\/mac2-500x260.jpg 500w, https:\/\/www.sudoestehoje.com.br\/novoportal\/wp-content\/uploads\/2014\/12\/mac2-700x365.jpg 700w, https:\/\/www.sudoestehoje.com.br\/novoportal\/wp-content\/uploads\/2014\/12\/mac2-150x78.jpg 150w, https:\/\/www.sudoestehoje.com.br\/novoportal\/wp-content\/uploads\/2014\/12\/mac2.jpg 1024w\" sizes=\"auto, (max-width: 500px) 100vw, 500px\" \/><\/a><\/p>\n<p>\u201c<em>Hoje estamos dando mais um passo para o desenvolvimento de Macarani e me sinto muito feliz por est\u00e1 cumprindo mais um compromisso que fiz ao povo de nossa cidade<\/em>\u201d. O gestor ainda reafirmou que a gera\u00e7\u00e3o de emprego e renda continuar\u00e1 sendo uma de suas prioridades. \u201c<em>Vamos buscar novas parcerias que tragam mais empregos para o munic\u00edpio e com isso melhorar a vida da popula\u00e7\u00e3o<\/em>\u201d, <em>\u201cWagner \u00e9 um cara bom. Acho um pol\u00edtico correto, equilibrado\u201d<\/em>, complementou\u00a0Carlinhos.<\/p>\n<p><img decoding=\"async\" class=\"aligncenter\" src=\"http:\/\/www.sudoestehoje.com.br\/novoportal\/wp-content\/uploads\/2014\/09\/banner-4.jpg\" alt=\"\" \/><!--more--><\/p>\n<p><strong>Cisternas\u00a0<\/strong><br \/>\nPresente na cerim\u00f4nia, o morador da regi\u00e3o, Marcos Roberto Silva, disse que em alguns pontos, como, por exemplo, no Guaruj\u00e1, falta \u00e1gua para consumo humano. \u201c\u00c0s vezes, ficamos sem \u00e1gua para beber, tomar banho e lavar prato. S\u00f3 que agora, com a cisterna, vamos ter uma reserva de \u00e1gua e em dia de falha do fornecimento n\u00e3o teremos preju\u00edzos com a sa\u00fade e higiene\u201d.<\/p>\n<p><strong>Mais empregos<\/strong><br \/>\nO Governo do Estado, por meio da Companhia de Desenvolvimento Urbano do Estado da Bahia (Conder), concedeu dois galp\u00f5es para facilitar a chegada da ind\u00fastria de cal\u00e7ados femininos, B\u00e1rbara Kr\u00e1s, ao munic\u00edpio de Macarani. A previs\u00e3o \u00e9 que a empresa comece a funcionar a partir de janeiro de 2015, oferecendo entre 400 e 600 vagas de emprego para a popula\u00e7\u00e3o local. A ind\u00fastria, que \u00e9 de Santa Catarina, tamb\u00e9m j\u00e1 contou com incentivos fiscais concedidos pelo Governo, para a implanta\u00e7\u00e3o de uma unidade em Caatiba. G4TV<\/p>\n","protected":false},"excerpt":{"rendered":"<p>Na manh\u00e3 desta ter\u00e7a-feira (9) o governador Jaques Wagner entregou as chaves de um novo \u00f4nibus escolar \u00e0 prefeitura de Macarani, que deve garantir, na ida e na volta do col\u00e9gio, mais conforto e seguran\u00e7a para milhares de crian\u00e7as. Criado em 2007, o Programa Caminho da Escola, do governo federal, tem levado progresso a diversas [&hellip;]<\/p>\n","protected":false},"author":2,"featured_media":0,"comment_status":"open","ping_status":"open","sticky":false,"template":"","format":"standard","meta":{"footnotes":"","_links_to":"","_links_to_target":""},"categories":[1],"tags":[],"class_list":["post-45144","post","type-post","status-publish","format-standard","hentry","category-geral"],"views":1157,"_links":{"self":[{"href":"https:\/\/www.sudoestehoje.com.br\/novoportal\/wp-json\/wp\/v2\/posts\/45144","targetHints":{"allow":["GET"]}}],"collection":[{"href":"https:\/\/www.sudoestehoje.com.br\/novoportal\/wp-json\/wp\/v2\/posts"}],"about":[{"href":"https:\/\/www.sudoestehoje.com.br\/novoportal\/wp-json\/wp\/v2\/types\/post"}],"author":[{"embeddable":true,"href":"https:\/\/www.sudoestehoje.com.br\/novoportal\/wp-json\/wp\/v2\/users\/2"}],"replies":[{"embeddable":true,"href":"https:\/\/www.sudoestehoje.com.br\/novoportal\/wp-json\/wp\/v2\/comments?post=45144"}],"version-history":[{"count":7,"href":"https:\/\/www.sudoestehoje.com.br\/novoportal\/wp-json\/wp\/v2\/posts\/45144\/revisions"}],"predecessor-version":[{"id":45162,"href":"https:\/\/www.sudoestehoje.com.br\/novoportal\/wp-json\/wp\/v2\/posts\/45144\/revisions\/45162"}],"wp:attachment":[{"href":"https:\/\/www.sudoestehoje.com.br\/novoportal\/wp-json\/wp\/v2\/media?parent=45144"}],"wp:term":[{"taxonomy":"category","embeddable":true,"href":"https:\/\/www.sudoestehoje.com.br\/novoportal\/wp-json\/wp\/v2\/categories?post=45144"},{"taxonomy":"post_tag","embeddable":true,"href":"https:\/\/www.sudoestehoje.com.br\/novoportal\/wp-json\/wp\/v2\/tags?post=45144"}],"curies":[{"name":"wp","href":"https:\/\/api.w.org\/{rel}","templated":true}]}}