
{"id":45112,"date":"2014-12-08T18:55:27","date_gmt":"2014-12-08T21:55:27","guid":{"rendered":"http:\/\/www.sudoestehoje.com.br\/novoportal\/?p=45112"},"modified":"2014-12-08T19:04:43","modified_gmt":"2014-12-08T22:04:43","slug":"ze-carlos-aumenta-tarifa-de-onibus-sem-ouvir-comissao-da-camara","status":"publish","type":"post","link":"https:\/\/www.sudoestehoje.com.br\/novoportal\/2014\/12\/08\/ze-carlos-aumenta-tarifa-de-onibus-sem-ouvir-comissao-da-camara\/","title":{"rendered":"Z\u00c9 CARLOS AUMENTA TARIFA DE \u00d4NIBUS SEM OUVIR COMISS\u00c3O DA C\u00c2MARA E COMUNIDADE"},"content":{"rendered":"<div id=\"attachment_45113\" style=\"width: 510px\" class=\"wp-caption aligncenter\"><a href=\"http:\/\/www.sudoestehoje.com.br\/novoportal\/wp-content\/uploads\/2014\/12\/via\u00e7\u00e3o.jpg\"><img loading=\"lazy\" decoding=\"async\" aria-describedby=\"caption-attachment-45113\" class=\"size-full wp-image-45113\" src=\"http:\/\/www.sudoestehoje.com.br\/novoportal\/wp-content\/uploads\/2014\/12\/via\u00e7\u00e3o.jpg\" alt=\"Empresa combinou aumento com o prefeito, na surdina, sem ouvir a c\u00e2mara e a comunidade, como manda a lei.\" width=\"500\" height=\"375\" srcset=\"https:\/\/www.sudoestehoje.com.br\/novoportal\/wp-content\/uploads\/2014\/12\/via\u00e7\u00e3o.jpg 500w, https:\/\/www.sudoestehoje.com.br\/novoportal\/wp-content\/uploads\/2014\/12\/via\u00e7\u00e3o-150x112.jpg 150w\" sizes=\"auto, (max-width: 500px) 100vw, 500px\" \/><\/a><p id=\"caption-attachment-45113\" class=\"wp-caption-text\">Empresa combinou aumento com o prefeito, na surdina, sem ouvir a c\u00e2mara e a comunidade, como manda a lei.<\/p><\/div>\n<p>ITAPETINGA: Apesar da Lei Org\u00e2nica do Munic\u00edpio estabelecer que todo e qualquer reajuste na tarifa do transporte coletivo no munic\u00edpio necessita de parecer favor\u00e1vel da Comiss\u00e3o de Transportes da C\u00e2mara, depois de ouvidas as associa\u00e7\u00f5es de moradores de bairros, mediante planilha previamente encaminhada pela empresa concession\u00e1ria, o prefeito Z\u00e9 Carlos decretou unilateralmente o aumento da tarifa de \u00f4nibus em Itapetinga, que passou de R$2,00 para R$2,25.<\/p>\n<p>Membro da Comiss\u00e3o de Transporte da C\u00e2mara, o vereador Alfredo Cabral entrou em contato com a nossa reda\u00e7\u00e3o, informando desconhecer o reajuste e discordando da atitude do prefeito, que teria baseado o aumento no contrato de concess\u00e3o firmado entre o munic\u00edpio e a Via\u00e7\u00e3o Itapetinga.<\/p>\n<div id=\"attachment_45115\" style=\"width: 510px\" class=\"wp-caption aligncenter\"><a href=\"http:\/\/www.sudoestehoje.com.br\/novoportal\/wp-content\/uploads\/2014\/12\/Alfredo1.jpg\"><img loading=\"lazy\" decoding=\"async\" aria-describedby=\"caption-attachment-45115\" class=\"size-full wp-image-45115\" src=\"http:\/\/www.sudoestehoje.com.br\/novoportal\/wp-content\/uploads\/2014\/12\/Alfredo1.jpg\" alt=\"O vereador Alfredo Cabral nega qualquer participa\u00e7\u00e3o no aumento da tarifa e discorda do reajuste concedido pelo prefeito, ferindo a Lei Org\u00e2nica.\" width=\"500\" height=\"281\" srcset=\"https:\/\/www.sudoestehoje.com.br\/novoportal\/wp-content\/uploads\/2014\/12\/Alfredo1.jpg 500w, https:\/\/www.sudoestehoje.com.br\/novoportal\/wp-content\/uploads\/2014\/12\/Alfredo1-150x84.jpg 150w\" sizes=\"auto, (max-width: 500px) 100vw, 500px\" \/><\/a><p id=\"caption-attachment-45115\" class=\"wp-caption-text\">O vereador Alfredo Cabral nega qualquer participa\u00e7\u00e3o no aumento da tarifa e discorda do reajuste concedido pelo prefeito, ferindo a Lei Org\u00e2nica.<\/p><\/div>\n<p>Segundo o vereador Alfredo, os outros dois membros da comiss\u00e3o, os vereadores Jo\u00e3o Carlos e Valdeir, tamb\u00e9m estranharam a atitude do prefeito, declarando que ficaram sabendo do reajuste atrav\u00e9s de mat\u00e9ria postada em um blog da cidade.<\/p>\n<p>Em contato com a dire\u00e7\u00e3o da empresa, o vereador Alfredo Cabral foi informado que o reajuste foi realmente concedido pelo prefeito e que j\u00e1 entrou em vigor.<\/p>\n<p>O reajuste feito na surdina pelo prefeito Z\u00e9 Carlos \u00e9 ilegal e fere os interesses da comunidade, sendo suscept\u00edvel de anula\u00e7\u00e3o pela justi\u00e7a, caso seja acionada.<\/p>\n<p><strong><em>Por Davi Ferraz<\/em><\/strong><\/p>\n<p><img decoding=\"async\" class=\"aligncenter\" src=\"http:\/\/www.sudoestehoje.com.br\/novoportal\/wp-content\/uploads\/2014\/11\/Logomarca-HB-Sementes-500x134.jpg\" alt=\"Logomarca HB Sementes\" \/><\/p>\n","protected":false},"excerpt":{"rendered":"<p>ITAPETINGA: Apesar da Lei Org\u00e2nica do Munic\u00edpio estabelecer que todo e qualquer reajuste na tarifa do transporte coletivo no munic\u00edpio necessita de parecer favor\u00e1vel da Comiss\u00e3o de Transportes da C\u00e2mara, depois de ouvidas as associa\u00e7\u00f5es de moradores de bairros, mediante planilha previamente encaminhada pela empresa concession\u00e1ria, o prefeito Z\u00e9 Carlos decretou unilateralmente o aumento da [&hellip;]<\/p>\n","protected":false},"author":2,"featured_media":0,"comment_status":"open","ping_status":"open","sticky":false,"template":"","format":"standard","meta":{"footnotes":"","_links_to":"","_links_to_target":""},"categories":[1],"tags":[],"class_list":["post-45112","post","type-post","status-publish","format-standard","hentry","category-geral"],"views":1230,"_links":{"self":[{"href":"https:\/\/www.sudoestehoje.com.br\/novoportal\/wp-json\/wp\/v2\/posts\/45112","targetHints":{"allow":["GET"]}}],"collection":[{"href":"https:\/\/www.sudoestehoje.com.br\/novoportal\/wp-json\/wp\/v2\/posts"}],"about":[{"href":"https:\/\/www.sudoestehoje.com.br\/novoportal\/wp-json\/wp\/v2\/types\/post"}],"author":[{"embeddable":true,"href":"https:\/\/www.sudoestehoje.com.br\/novoportal\/wp-json\/wp\/v2\/users\/2"}],"replies":[{"embeddable":true,"href":"https:\/\/www.sudoestehoje.com.br\/novoportal\/wp-json\/wp\/v2\/comments?post=45112"}],"version-history":[{"count":6,"href":"https:\/\/www.sudoestehoje.com.br\/novoportal\/wp-json\/wp\/v2\/posts\/45112\/revisions"}],"predecessor-version":[{"id":45121,"href":"https:\/\/www.sudoestehoje.com.br\/novoportal\/wp-json\/wp\/v2\/posts\/45112\/revisions\/45121"}],"wp:attachment":[{"href":"https:\/\/www.sudoestehoje.com.br\/novoportal\/wp-json\/wp\/v2\/media?parent=45112"}],"wp:term":[{"taxonomy":"category","embeddable":true,"href":"https:\/\/www.sudoestehoje.com.br\/novoportal\/wp-json\/wp\/v2\/categories?post=45112"},{"taxonomy":"post_tag","embeddable":true,"href":"https:\/\/www.sudoestehoje.com.br\/novoportal\/wp-json\/wp\/v2\/tags?post=45112"}],"curies":[{"name":"wp","href":"https:\/\/api.w.org\/{rel}","templated":true}]}}