
{"id":45080,"date":"2014-12-08T12:04:47","date_gmt":"2014-12-08T15:04:47","guid":{"rendered":"http:\/\/www.sudoestehoje.com.br\/novoportal\/?p=45080"},"modified":"2014-12-08T13:23:57","modified_gmt":"2014-12-08T16:23:57","slug":"ze-carlos-o-inaugurador-de-placas","status":"publish","type":"post","link":"https:\/\/www.sudoestehoje.com.br\/novoportal\/2014\/12\/08\/ze-carlos-o-inaugurador-de-placas\/","title":{"rendered":"Z\u00c9 CARLOS, O INAUGURADOR DE PLACAS"},"content":{"rendered":"<div id=\"attachment_45081\" style=\"width: 510px\" class=\"wp-caption aligncenter\"><a href=\"http:\/\/www.sudoestehoje.com.br\/novoportal\/wp-content\/uploads\/2014\/12\/tabus5.jpg\"><img loading=\"lazy\" decoding=\"async\" aria-describedby=\"caption-attachment-45081\" class=\" wp-image-45081\" src=\"http:\/\/www.sudoestehoje.com.br\/novoportal\/wp-content\/uploads\/2014\/12\/tabus5.jpg\" alt=\"Inaugura\u00e7\u00e3o das t\u00e1buas da B\u00edblia em 2011. O prefeito dormiu durante a cerim\u00f4nia.\" width=\"500\" height=\"334\" srcset=\"https:\/\/www.sudoestehoje.com.br\/novoportal\/wp-content\/uploads\/2014\/12\/tabus5.jpg 451w, https:\/\/www.sudoestehoje.com.br\/novoportal\/wp-content\/uploads\/2014\/12\/tabus5-150x100.jpg 150w\" sizes=\"auto, (max-width: 500px) 100vw, 500px\" \/><\/a><p id=\"caption-attachment-45081\" class=\"wp-caption-text\">Inaugura\u00e7\u00e3o das t\u00e1buas da B\u00edblia em 2011. O prefeito dormiu durante a cerim\u00f4nia.<\/p><\/div>\n<p>Ancorado apenas nas obras do governo federal, e na total inexist\u00eancia de obra municipais para serem inauguradas, o prefeito de Itapetinga, Jos\u00e9 Carlos Moura (PT), virou um verdadeiro inaugurador de placas.<\/p>\n<p>O ritual das placas se repete quase todos os anos, no 12 de dezembro, na data comemorativa \u00e0 emancipa\u00e7\u00e3o pol\u00edtica do munic\u00edpio, que nesta atual administra\u00e7\u00e3o enfrenta um jejum de quase 6 anos sem nenhuma inaugura\u00e7\u00e3o de obras p\u00fablicas, tocadas com recursos municipais.<\/p>\n<div id=\"attachment_45082\" style=\"width: 510px\" class=\"wp-caption aligncenter\"><a href=\"http:\/\/www.sudoestehoje.com.br\/novoportal\/wp-content\/uploads\/2014\/12\/HOMENAGEM-213.jpg\"><img loading=\"lazy\" decoding=\"async\" aria-describedby=\"caption-attachment-45082\" class=\"size-medium wp-image-45082\" src=\"http:\/\/www.sudoestehoje.com.br\/novoportal\/wp-content\/uploads\/2014\/12\/HOMENAGEM-213-500x335.jpg\" alt=\"Em 2013 o prefeito inaugurou o verdadeiro 'jirau' de placar na Concha Ac\u00fastica. Mau gosto expl\u00edcito.  \" width=\"500\" height=\"335\" srcset=\"https:\/\/www.sudoestehoje.com.br\/novoportal\/wp-content\/uploads\/2014\/12\/HOMENAGEM-213-500x335.jpg 500w, https:\/\/www.sudoestehoje.com.br\/novoportal\/wp-content\/uploads\/2014\/12\/HOMENAGEM-213-150x100.jpg 150w, https:\/\/www.sudoestehoje.com.br\/novoportal\/wp-content\/uploads\/2014\/12\/HOMENAGEM-213.jpg 640w\" sizes=\"auto, (max-width: 500px) 100vw, 500px\" \/><\/a><p id=\"caption-attachment-45082\" class=\"wp-caption-text\">Em 2013 o prefeito inaugurou o verdadeiro &#8216;jirau&#8217; de placas na Concha Ac\u00fastica. Mau gosto expl\u00edcito.<\/p><\/div>\n<p>Para &#8216;diversificar&#8217; e sair da enjoada rotina, este ano o prefeito encomendou um busto (ou placa) do pioneiro Augusto de Carvalho, na pra\u00e7a que leva o seu nome, bem em frente \u00e0 Igreja Batista.<\/p>\n<p>A importante obra est\u00e1 sendo realizada no mais absoluto segredo, cercada por uma geringon\u00e7a de madeirite velho, que vem sendo criticada por todos que passam no local. O nome do artista encarregado da obra, n\u00e3o foi revelado.<\/p>\n<div id=\"attachment_45083\" style=\"width: 510px\" class=\"wp-caption aligncenter\"><a href=\"http:\/\/www.sudoestehoje.com.br\/novoportal\/wp-content\/uploads\/2014\/12\/FORRO.jpg\"><img loading=\"lazy\" decoding=\"async\" aria-describedby=\"caption-attachment-45083\" class=\"size-medium wp-image-45083\" src=\"http:\/\/www.sudoestehoje.com.br\/novoportal\/wp-content\/uploads\/2014\/12\/FORRO-500x375.jpg\" alt=\"Para este ano o prefeito prepara a inaugura\u00e7\u00e3o de mais um monumento, para a data n\u00e3o passar em branco. \" width=\"500\" height=\"375\" srcset=\"https:\/\/www.sudoestehoje.com.br\/novoportal\/wp-content\/uploads\/2014\/12\/FORRO-500x375.jpg 500w, https:\/\/www.sudoestehoje.com.br\/novoportal\/wp-content\/uploads\/2014\/12\/FORRO-700x525.jpg 700w, https:\/\/www.sudoestehoje.com.br\/novoportal\/wp-content\/uploads\/2014\/12\/FORRO-150x112.jpg 150w, https:\/\/www.sudoestehoje.com.br\/novoportal\/wp-content\/uploads\/2014\/12\/FORRO.jpg 960w\" sizes=\"auto, (max-width: 500px) 100vw, 500px\" \/><\/a><p id=\"caption-attachment-45083\" class=\"wp-caption-text\">Para este ano o prefeito prepara a inaugura\u00e7\u00e3o de mais um monumento, para a data n\u00e3o passar em branco.<\/p><\/div>\n<p>Viva a inoper\u00e2ncia, o mau gosto e a cafonice!<\/p>\n<p><strong><em>Por Davi Ferraz\u00a0<\/em><\/strong><\/p>\n<p><img decoding=\"async\" class=\"aligncenter\" src=\"http:\/\/www.sudoestehoje.com.br\/novoportal\/wp-content\/uploads\/2014\/12\/Banner-CDL-500x227.jpg\" alt=\"Banner-CDL\" \/><\/p>\n","protected":false},"excerpt":{"rendered":"<p>Ancorado apenas nas obras do governo federal, e na total inexist\u00eancia de obra municipais para serem inauguradas, o prefeito de Itapetinga, Jos\u00e9 Carlos Moura (PT), virou um verdadeiro inaugurador de placas. O ritual das placas se repete quase todos os anos, no 12 de dezembro, na data comemorativa \u00e0 emancipa\u00e7\u00e3o pol\u00edtica do munic\u00edpio, que nesta [&hellip;]<\/p>\n","protected":false},"author":2,"featured_media":0,"comment_status":"open","ping_status":"open","sticky":false,"template":"","format":"standard","meta":{"footnotes":"","_links_to":"","_links_to_target":""},"categories":[1],"tags":[],"class_list":["post-45080","post","type-post","status-publish","format-standard","hentry","category-geral"],"views":1351,"_links":{"self":[{"href":"https:\/\/www.sudoestehoje.com.br\/novoportal\/wp-json\/wp\/v2\/posts\/45080","targetHints":{"allow":["GET"]}}],"collection":[{"href":"https:\/\/www.sudoestehoje.com.br\/novoportal\/wp-json\/wp\/v2\/posts"}],"about":[{"href":"https:\/\/www.sudoestehoje.com.br\/novoportal\/wp-json\/wp\/v2\/types\/post"}],"author":[{"embeddable":true,"href":"https:\/\/www.sudoestehoje.com.br\/novoportal\/wp-json\/wp\/v2\/users\/2"}],"replies":[{"embeddable":true,"href":"https:\/\/www.sudoestehoje.com.br\/novoportal\/wp-json\/wp\/v2\/comments?post=45080"}],"version-history":[{"count":8,"href":"https:\/\/www.sudoestehoje.com.br\/novoportal\/wp-json\/wp\/v2\/posts\/45080\/revisions"}],"predecessor-version":[{"id":45106,"href":"https:\/\/www.sudoestehoje.com.br\/novoportal\/wp-json\/wp\/v2\/posts\/45080\/revisions\/45106"}],"wp:attachment":[{"href":"https:\/\/www.sudoestehoje.com.br\/novoportal\/wp-json\/wp\/v2\/media?parent=45080"}],"wp:term":[{"taxonomy":"category","embeddable":true,"href":"https:\/\/www.sudoestehoje.com.br\/novoportal\/wp-json\/wp\/v2\/categories?post=45080"},{"taxonomy":"post_tag","embeddable":true,"href":"https:\/\/www.sudoestehoje.com.br\/novoportal\/wp-json\/wp\/v2\/tags?post=45080"}],"curies":[{"name":"wp","href":"https:\/\/api.w.org\/{rel}","templated":true}]}}