
{"id":4503,"date":"2011-04-20T17:30:57","date_gmt":"2011-04-20T20:30:57","guid":{"rendered":"http:\/\/www.sudoestehoje.com.br\/novoportal\/?p=4503"},"modified":"2011-04-20T17:39:33","modified_gmt":"2011-04-20T20:39:33","slug":"previsao-de-ceu-nublado-e-chuva-durante-o-feriadao","status":"publish","type":"post","link":"https:\/\/www.sudoestehoje.com.br\/novoportal\/2011\/04\/20\/previsao-de-ceu-nublado-e-chuva-durante-o-feriadao\/","title":{"rendered":"PREVIS\u00c3O DE C\u00c9U NUBLADO E CHUVA DURANTE O FERIAD\u00c3O"},"content":{"rendered":"<p style=\"text-align: center;\"><img decoding=\"async\" src=\"http:\/\/3.bp.blogspot.com\/_2LzCTk9CWks\/Sc0vQ52MtoI\/AAAAAAAAABE\/QA7EnbN5oMc\/s400\/SESC+_+Chuva+na+praia+copy.jpg\" alt=\"\" \/><\/p>\n<p style=\"text-align: center;\"><em><strong>Deve chover nas praias do sul da Bahia<\/strong><\/em><\/p>\n<p>\u00a0<\/p>\n<p>O feriado prolongado de Tiradentes e da Semana Santa, que come\u00e7a nesta quinta-feira ( 21) e vai at\u00e9 domingo (24), ser\u00e1 de c\u00e9u nublado a parcialmente nublado, com chuvas fracas, em praticamente toda a Bahia.<\/p>\n<p>Segundo o Instituto de Gest\u00e3o das \u00c1guas e Clima (Ing\u00e1), em Salvador e Regi\u00e3o Metropolitana (RMS) deve chover e a temperatura poder\u00e1\u00a0variar\u00a0entre 20 e\u00a029\u00b0C nos pr\u00f3ximos quatro dias.<\/p>\n<p>A cidade de Vit\u00f3ria da Conquista e a regi\u00e3o da Chapada Diamantina dever\u00e3o\u00a0registrar as menores temperaturas no estado, com 19\u00b0C, no m\u00e1ximo. As mais elevadas s\u00e3o esperadas em\u00a0Porto Seguro e tamb\u00e9m na regi\u00e3o Norte, que devem marcar 32\u00b0C.\u00a0<\/p>\n<p>J\u00e1 a previs\u00e3o para as regi\u00f5es do Rec\u00f4ncavo, Nordeste e Sul baiano as temperaturas variam entre 19\u00b0C (m\u00ednima) e 32\u00b0C (m\u00e1xima). BN<\/p>\n","protected":false},"excerpt":{"rendered":"<p>Deve chover nas praias do sul da Bahia \u00a0 O feriado prolongado de Tiradentes e da Semana Santa, que come\u00e7a nesta quinta-feira ( 21) e vai at\u00e9 domingo (24), ser\u00e1 de c\u00e9u nublado a parcialmente nublado, com chuvas fracas, em praticamente toda a Bahia. Segundo o Instituto de Gest\u00e3o das \u00c1guas e Clima (Ing\u00e1), em [&hellip;]<\/p>\n","protected":false},"author":2,"featured_media":0,"comment_status":"open","ping_status":"open","sticky":false,"template":"","format":"standard","meta":{"footnotes":"","_links_to":"","_links_to_target":""},"categories":[1],"tags":[],"class_list":["post-4503","post","type-post","status-publish","format-standard","hentry","category-geral"],"views":1292,"_links":{"self":[{"href":"https:\/\/www.sudoestehoje.com.br\/novoportal\/wp-json\/wp\/v2\/posts\/4503","targetHints":{"allow":["GET"]}}],"collection":[{"href":"https:\/\/www.sudoestehoje.com.br\/novoportal\/wp-json\/wp\/v2\/posts"}],"about":[{"href":"https:\/\/www.sudoestehoje.com.br\/novoportal\/wp-json\/wp\/v2\/types\/post"}],"author":[{"embeddable":true,"href":"https:\/\/www.sudoestehoje.com.br\/novoportal\/wp-json\/wp\/v2\/users\/2"}],"replies":[{"embeddable":true,"href":"https:\/\/www.sudoestehoje.com.br\/novoportal\/wp-json\/wp\/v2\/comments?post=4503"}],"version-history":[{"count":4,"href":"https:\/\/www.sudoestehoje.com.br\/novoportal\/wp-json\/wp\/v2\/posts\/4503\/revisions"}],"predecessor-version":[{"id":4507,"href":"https:\/\/www.sudoestehoje.com.br\/novoportal\/wp-json\/wp\/v2\/posts\/4503\/revisions\/4507"}],"wp:attachment":[{"href":"https:\/\/www.sudoestehoje.com.br\/novoportal\/wp-json\/wp\/v2\/media?parent=4503"}],"wp:term":[{"taxonomy":"category","embeddable":true,"href":"https:\/\/www.sudoestehoje.com.br\/novoportal\/wp-json\/wp\/v2\/categories?post=4503"},{"taxonomy":"post_tag","embeddable":true,"href":"https:\/\/www.sudoestehoje.com.br\/novoportal\/wp-json\/wp\/v2\/tags?post=4503"}],"curies":[{"name":"wp","href":"https:\/\/api.w.org\/{rel}","templated":true}]}}