
{"id":45024,"date":"2014-12-06T17:58:49","date_gmt":"2014-12-06T20:58:49","guid":{"rendered":"http:\/\/www.sudoestehoje.com.br\/novoportal\/?p=45024"},"modified":"2014-12-08T13:09:26","modified_gmt":"2014-12-08T16:09:26","slug":"pele-deixa-terapia-semi-intensiva-e-e-transferido-quarto-normal","status":"publish","type":"post","link":"https:\/\/www.sudoestehoje.com.br\/novoportal\/2014\/12\/06\/pele-deixa-terapia-semi-intensiva-e-e-transferido-quarto-normal\/","title":{"rendered":"PEL\u00c9 DEIXA TERAPIA SEMI-INTENSIVA E \u00c9 TRANSFERIDO PARA QUARTO NORMAL"},"content":{"rendered":"<div><a href=\"http:\/\/www.sudoestehoje.com.br\/novoportal\/wp-content\/uploads\/2014\/12\/PEL\u00c9.jpg\"><img loading=\"lazy\" decoding=\"async\" class=\"aligncenter size-full wp-image-45027\" src=\"http:\/\/www.sudoestehoje.com.br\/novoportal\/wp-content\/uploads\/2014\/12\/PEL\u00c9.jpg\" alt=\"PEL\u00c9\" width=\"500\" height=\"306\" srcset=\"https:\/\/www.sudoestehoje.com.br\/novoportal\/wp-content\/uploads\/2014\/12\/PEL\u00c9.jpg 500w, https:\/\/www.sudoestehoje.com.br\/novoportal\/wp-content\/uploads\/2014\/12\/PEL\u00c9-150x91.jpg 150w\" sizes=\"auto, (max-width: 500px) 100vw, 500px\" \/><\/a><\/div>\n<div>O ex-jogador Edson Arantes do Nascimento, o Pel\u00e9, deixou a unidade e terapia semi-intensiva e foi transferido para um leito normal no Hospital Israelita Albert Einstein, na Zona Sul da cidade de S\u00e3o Paulo. Em um boletim m\u00e9dico divulgado na tarde deste s\u00e1bado (6), a equipe do hospital afirmou que identificaram uma evolu\u00e7\u00e3o no quadro cl\u00ednico do Rei do Futebol, dispensando a necessidade de cuidados especiais.<\/div>\n<div><\/div>\n<div>O boletim ainda informa que Pel\u00e9 segue sem apresentar febre, mas o tratamento com antibi\u00f3tico por via endovenosa est\u00e1 mantido. Os medicamentos foram essenciais para o fim da infec\u00e7\u00e3o urin\u00e1ria que o levou a ser internado no \u00faltimo dia 24.<\/div>\n<div><\/div>\n<div><img decoding=\"async\" class=\"aligncenter\" src=\"http:\/\/www.sudoestehoje.com.br\/novoportal\/wp-content\/uploads\/2014\/08\/%C3%93TICA-ITAPUAN-BANNER1.jpg\" alt=\"\u00d3TICA-ITAPUAN-BANNER1\" \/><\/div>\n","protected":false},"excerpt":{"rendered":"<p>O ex-jogador Edson Arantes do Nascimento, o Pel\u00e9, deixou a unidade e terapia semi-intensiva e foi transferido para um leito normal no Hospital Israelita Albert Einstein, na Zona Sul da cidade de S\u00e3o Paulo. Em um boletim m\u00e9dico divulgado na tarde deste s\u00e1bado (6), a equipe do hospital afirmou que identificaram uma evolu\u00e7\u00e3o no quadro [&hellip;]<\/p>\n","protected":false},"author":2,"featured_media":0,"comment_status":"open","ping_status":"open","sticky":false,"template":"","format":"standard","meta":{"footnotes":"","_links_to":"","_links_to_target":""},"categories":[1],"tags":[],"class_list":["post-45024","post","type-post","status-publish","format-standard","hentry","category-geral"],"views":1053,"_links":{"self":[{"href":"https:\/\/www.sudoestehoje.com.br\/novoportal\/wp-json\/wp\/v2\/posts\/45024","targetHints":{"allow":["GET"]}}],"collection":[{"href":"https:\/\/www.sudoestehoje.com.br\/novoportal\/wp-json\/wp\/v2\/posts"}],"about":[{"href":"https:\/\/www.sudoestehoje.com.br\/novoportal\/wp-json\/wp\/v2\/types\/post"}],"author":[{"embeddable":true,"href":"https:\/\/www.sudoestehoje.com.br\/novoportal\/wp-json\/wp\/v2\/users\/2"}],"replies":[{"embeddable":true,"href":"https:\/\/www.sudoestehoje.com.br\/novoportal\/wp-json\/wp\/v2\/comments?post=45024"}],"version-history":[{"count":6,"href":"https:\/\/www.sudoestehoje.com.br\/novoportal\/wp-json\/wp\/v2\/posts\/45024\/revisions"}],"predecessor-version":[{"id":45101,"href":"https:\/\/www.sudoestehoje.com.br\/novoportal\/wp-json\/wp\/v2\/posts\/45024\/revisions\/45101"}],"wp:attachment":[{"href":"https:\/\/www.sudoestehoje.com.br\/novoportal\/wp-json\/wp\/v2\/media?parent=45024"}],"wp:term":[{"taxonomy":"category","embeddable":true,"href":"https:\/\/www.sudoestehoje.com.br\/novoportal\/wp-json\/wp\/v2\/categories?post=45024"},{"taxonomy":"post_tag","embeddable":true,"href":"https:\/\/www.sudoestehoje.com.br\/novoportal\/wp-json\/wp\/v2\/tags?post=45024"}],"curies":[{"name":"wp","href":"https:\/\/api.w.org\/{rel}","templated":true}]}}