
{"id":450,"date":"2010-07-27T07:17:55","date_gmt":"2010-07-27T10:17:55","guid":{"rendered":"http:\/\/sudoestehoje.tempsite.ws\/novoportal\/?p=450"},"modified":"2010-09-18T15:47:28","modified_gmt":"2010-09-18T18:47:28","slug":"itapetinga-justica-obriga-prefeito-a-nomear-concursados-e-demitir-temporarios","status":"publish","type":"post","link":"https:\/\/www.sudoestehoje.com.br\/novoportal\/2010\/07\/27\/itapetinga-justica-obriga-prefeito-a-nomear-concursados-e-demitir-temporarios\/","title":{"rendered":"ITAPETINGA: JUSTI\u00c7A OBRIGA PREFEITO A NOMEAR CONCURSADOS E DEMITIR TEMPOR\u00c1RIOS"},"content":{"rendered":"<div>\n<div style=\"text-align: center;\"><img decoding=\"async\" src=\"http:\/\/3.bp.blogspot.com\/_VE6p8Nzv9hM\/ScPmmizDWrI\/AAAAAAAAB_k\/AD87BdYxJnI\/s400\/Jose+Carlos+Moura+prefeito+de+Itapetinga%28foto+Clevwton+Dias%29.JPG\" border=\"0\" alt=\"\" \/><\/div>\n<div style=\"text-align: center;\">Se n\u00e3o cumprir\u00a0decis\u00e3o judicial, prefeito pagar\u00e1 multa di\u00e1ria de 5 mil<\/div>\n<p>ITAPETINGA:  A\u00a0juiza Ivana Carvalho Silva Fernandes, da 1\u00aa Vara C\u00edvel e Fazenda  P\u00fablica da Comarca de Itapetinga, concedeu liminar requerida na A\u00e7\u00e3o  Civil P\u00fablica proposta pelo Minist\u00e9rio P\u00fablico, obrigando o prefeito  municipal a nomear, imediatamente, os 176 \u00a0candidatos remanescentes,  aprovados no concurso p\u00fablico realizado em 2008, bem como a demiss\u00e3o dos  servidores tempor\u00e1rios contratados irregularmente pelo munic\u00edpio. Os  contratos tempor\u00e1rios foram considerados &#8220;nulos de pleno direito&#8221;, pela  juiza.<\/p>\n<p>Na decis\u00e3o, a justi\u00e7a estabeleceu o prazo  de 72 horas para o cumprimento da liminar, sob pena de ser o prefeito  Jos\u00e9 Carlos Moura obrigado a pagar, do pr\u00f3prio bolso, multa di\u00e1ria de R$  5.000,00. Segundo informa\u00e7\u00f5es do Tribunal de Contas dos Munic\u00edpios &#8211;  TCM, a prefeitura de Itapetinga contratou, irregularmente, 444  servidores tempor\u00e1rios, parte deles para ocupar cargos que deveriam ser  supridos pelos\u00a0candidatos aprovados no \u00faltimo concurso.<\/p>\n<p>A  justi\u00e7a tamb\u00e9m prorrogou, por mais 2 anos, o prazo de validade do  certame, ficando determinado que o prefeito mande publicar, no site  oficial do munic\u00edpio,\u00a0o ato de nomea\u00e7\u00e3o de todos os concursados.\u00a0Da  decis\u00e3o ainda cabe recurso, mas a multa \u00e9 cumulativa e n\u00e3o pode ser paga  com recursos p\u00fablicos, mas do pr\u00f3prio bolso do prefeito.<\/p>\n<p>Davi Ferraz<\/p>\n<\/div>\n","protected":false},"excerpt":{"rendered":"<p>Se n\u00e3o cumprir\u00a0decis\u00e3o judicial, prefeito pagar\u00e1 multa di\u00e1ria de 5 mil ITAPETINGA: A\u00a0juiza Ivana Carvalho Silva Fernandes, da 1\u00aa Vara C\u00edvel e Fazenda P\u00fablica da Comarca de Itapetinga, concedeu liminar requerida na A\u00e7\u00e3o Civil P\u00fablica proposta pelo Minist\u00e9rio P\u00fablico, obrigando o prefeito municipal a nomear, imediatamente, os 176 \u00a0candidatos remanescentes, aprovados no concurso p\u00fablico realizado [&hellip;]<\/p>\n","protected":false},"author":1,"featured_media":0,"comment_status":"open","ping_status":"open","sticky":false,"template":"","format":"standard","meta":{"footnotes":"","_links_to":"","_links_to_target":""},"categories":[1],"tags":[],"class_list":["post-450","post","type-post","status-publish","format-standard","hentry","category-geral"],"views":1237,"_links":{"self":[{"href":"https:\/\/www.sudoestehoje.com.br\/novoportal\/wp-json\/wp\/v2\/posts\/450","targetHints":{"allow":["GET"]}}],"collection":[{"href":"https:\/\/www.sudoestehoje.com.br\/novoportal\/wp-json\/wp\/v2\/posts"}],"about":[{"href":"https:\/\/www.sudoestehoje.com.br\/novoportal\/wp-json\/wp\/v2\/types\/post"}],"author":[{"embeddable":true,"href":"https:\/\/www.sudoestehoje.com.br\/novoportal\/wp-json\/wp\/v2\/users\/1"}],"replies":[{"embeddable":true,"href":"https:\/\/www.sudoestehoje.com.br\/novoportal\/wp-json\/wp\/v2\/comments?post=450"}],"version-history":[{"count":1,"href":"https:\/\/www.sudoestehoje.com.br\/novoportal\/wp-json\/wp\/v2\/posts\/450\/revisions"}],"predecessor-version":[{"id":451,"href":"https:\/\/www.sudoestehoje.com.br\/novoportal\/wp-json\/wp\/v2\/posts\/450\/revisions\/451"}],"wp:attachment":[{"href":"https:\/\/www.sudoestehoje.com.br\/novoportal\/wp-json\/wp\/v2\/media?parent=450"}],"wp:term":[{"taxonomy":"category","embeddable":true,"href":"https:\/\/www.sudoestehoje.com.br\/novoportal\/wp-json\/wp\/v2\/categories?post=450"},{"taxonomy":"post_tag","embeddable":true,"href":"https:\/\/www.sudoestehoje.com.br\/novoportal\/wp-json\/wp\/v2\/tags?post=450"}],"curies":[{"name":"wp","href":"https:\/\/api.w.org\/{rel}","templated":true}]}}