
{"id":44992,"date":"2014-12-03T13:05:31","date_gmt":"2014-12-03T16:05:31","guid":{"rendered":"http:\/\/www.sudoestehoje.com.br\/novoportal\/?p=44992"},"modified":"2014-12-03T13:05:31","modified_gmt":"2014-12-03T16:05:31","slug":"papa-francisco-nomeia-bispo-zanone-como-arcebispo-de-feira-de-santana","status":"publish","type":"post","link":"https:\/\/www.sudoestehoje.com.br\/novoportal\/2014\/12\/03\/papa-francisco-nomeia-bispo-zanone-como-arcebispo-de-feira-de-santana\/","title":{"rendered":"PAPA FRANCISCO NOMEIA BISPO ZANONE COMO ARCEBISPO DE FEIRA DE SANTANA"},"content":{"rendered":"<p><a href=\"http:\/\/www.sudoestehoje.com.br\/novoportal\/wp-content\/uploads\/2014\/12\/zanoni-420x280.jpg\"><img loading=\"lazy\" decoding=\"async\" class=\"aligncenter  wp-image-44993\" src=\"http:\/\/www.sudoestehoje.com.br\/novoportal\/wp-content\/uploads\/2014\/12\/zanoni-420x280.jpg\" alt=\"zanoni-420x280\" width=\"500\" height=\"333\" srcset=\"https:\/\/www.sudoestehoje.com.br\/novoportal\/wp-content\/uploads\/2014\/12\/zanoni-420x280.jpg 420w, https:\/\/www.sudoestehoje.com.br\/novoportal\/wp-content\/uploads\/2014\/12\/zanoni-420x280-150x100.jpg 150w\" sizes=\"auto, (max-width: 500px) 100vw, 500px\" \/><\/a><\/p>\n<p>Na manh\u00e3 desta quarta-feira (3) o Papa Francisco nomeou dom Zanoni Demettino Castro como arcebispo coadjutor da arquidiocese de Feira de Santana, transferindo-o da diocese de S\u00e3o Mateus, no Esp\u00edrito Santo. O papa tamb\u00e9m transferiu, nesta mesma data, dom Odelir Jos\u00e9 Magri, da sede episcopal de Sobral (CE) para a diocese de Chapec\u00f3 (SC), e dom Waldemar Passini Dalbello foi nomeado bispo coadjutor de Luzi\u00e2nia, sendo transferido da arquidiocese de Goi\u00e2nia (GO). Natural de Vit\u00f3ria da Conquista, dom Zanoni Demettino Castro nasceu no dia 23 de janeiro de 1962. Foi nomeado bispo em 03 de outubro de 2007. Tem como lema episcopal \u201cEis-me, envia-me\u201d. Zanone atuou como padre em Itapetinga, na Par\u00f3quia de S\u00e3o Jos\u00e9.<\/p>\n","protected":false},"excerpt":{"rendered":"<p>Na manh\u00e3 desta quarta-feira (3) o Papa Francisco nomeou dom Zanoni Demettino Castro como arcebispo coadjutor da arquidiocese de Feira de Santana, transferindo-o da diocese de S\u00e3o Mateus, no Esp\u00edrito Santo. O papa tamb\u00e9m transferiu, nesta mesma data, dom Odelir Jos\u00e9 Magri, da sede episcopal de Sobral (CE) para a diocese de Chapec\u00f3 (SC), e [&hellip;]<\/p>\n","protected":false},"author":2,"featured_media":0,"comment_status":"open","ping_status":"open","sticky":false,"template":"","format":"standard","meta":{"footnotes":"","_links_to":"","_links_to_target":""},"categories":[1],"tags":[],"class_list":["post-44992","post","type-post","status-publish","format-standard","hentry","category-geral"],"views":2374,"_links":{"self":[{"href":"https:\/\/www.sudoestehoje.com.br\/novoportal\/wp-json\/wp\/v2\/posts\/44992","targetHints":{"allow":["GET"]}}],"collection":[{"href":"https:\/\/www.sudoestehoje.com.br\/novoportal\/wp-json\/wp\/v2\/posts"}],"about":[{"href":"https:\/\/www.sudoestehoje.com.br\/novoportal\/wp-json\/wp\/v2\/types\/post"}],"author":[{"embeddable":true,"href":"https:\/\/www.sudoestehoje.com.br\/novoportal\/wp-json\/wp\/v2\/users\/2"}],"replies":[{"embeddable":true,"href":"https:\/\/www.sudoestehoje.com.br\/novoportal\/wp-json\/wp\/v2\/comments?post=44992"}],"version-history":[{"count":2,"href":"https:\/\/www.sudoestehoje.com.br\/novoportal\/wp-json\/wp\/v2\/posts\/44992\/revisions"}],"predecessor-version":[{"id":44995,"href":"https:\/\/www.sudoestehoje.com.br\/novoportal\/wp-json\/wp\/v2\/posts\/44992\/revisions\/44995"}],"wp:attachment":[{"href":"https:\/\/www.sudoestehoje.com.br\/novoportal\/wp-json\/wp\/v2\/media?parent=44992"}],"wp:term":[{"taxonomy":"category","embeddable":true,"href":"https:\/\/www.sudoestehoje.com.br\/novoportal\/wp-json\/wp\/v2\/categories?post=44992"},{"taxonomy":"post_tag","embeddable":true,"href":"https:\/\/www.sudoestehoje.com.br\/novoportal\/wp-json\/wp\/v2\/tags?post=44992"}],"curies":[{"name":"wp","href":"https:\/\/api.w.org\/{rel}","templated":true}]}}