
{"id":44989,"date":"2014-12-03T12:43:26","date_gmt":"2014-12-03T15:43:26","guid":{"rendered":"http:\/\/www.sudoestehoje.com.br\/novoportal\/?p=44989"},"modified":"2014-12-03T12:43:26","modified_gmt":"2014-12-03T15:43:26","slug":"prefeito-de-brumado-cancela-carnaval-2015-para-conter-gastos","status":"publish","type":"post","link":"https:\/\/www.sudoestehoje.com.br\/novoportal\/2014\/12\/03\/prefeito-de-brumado-cancela-carnaval-2015-para-conter-gastos\/","title":{"rendered":"PREFEITO DE BRUMADO CANCELA CARNAVAL 2015 PARA CONTER GASTOS"},"content":{"rendered":"<div id=\"attachment_44990\" style=\"width: 510px\" class=\"wp-caption aligncenter\"><a href=\"http:\/\/www.sudoestehoje.com.br\/novoportal\/wp-content\/uploads\/2014\/12\/CARNAVAL-BRUMADO.jpg\"><img loading=\"lazy\" decoding=\"async\" aria-describedby=\"caption-attachment-44990\" class=\"size-medium wp-image-44990\" src=\"http:\/\/www.sudoestehoje.com.br\/novoportal\/wp-content\/uploads\/2014\/12\/CARNAVAL-BRUMADO-500x362.jpg\" alt=\"o carnaval de Brumado \u00e9 um dos mais tradicionais e movimentados da Bahia.\" width=\"500\" height=\"362\" srcset=\"https:\/\/www.sudoestehoje.com.br\/novoportal\/wp-content\/uploads\/2014\/12\/CARNAVAL-BRUMADO-500x362.jpg 500w, https:\/\/www.sudoestehoje.com.br\/novoportal\/wp-content\/uploads\/2014\/12\/CARNAVAL-BRUMADO-150x108.jpg 150w, https:\/\/www.sudoestehoje.com.br\/novoportal\/wp-content\/uploads\/2014\/12\/CARNAVAL-BRUMADO.jpg 620w\" sizes=\"auto, (max-width: 500px) 100vw, 500px\" \/><\/a><p id=\"caption-attachment-44990\" class=\"wp-caption-text\">O carnaval de Brumado, no sudoeste, \u00e9 um dos mais tradicionais e movimentados da Bahia.<\/p><\/div>\n<p>O Carnaval 2015 da cidade de Brumado, a 564 quil\u00f4metros de Salvador foi cancelado. A decis\u00e3o foi tomada pelo prefeito da cidade, Aguiberto Lima Dias , ap\u00f3s reuni\u00e3o com a equipe de governo. Segundo o administra\u00e7\u00e3o municipal, o cancelamento busca conter gastos e manter o equil\u00edbrio financeiro da cidade para evitar o aumento da crise.<\/p>\n<p>De acordo com as informa\u00e7\u00f5es do site Brumado Not\u00edcias, Dias declarou que, mesmo reconhecendo a import\u00e2ncia da festa, a cidade tem outras prioridades. &#8220;Todos sabem que somos defensores do Carnaval, tanto que \u00e9 um compromisso nosso de campanha, mas, num momento de dificuldades como esse, o bom senso tem que prevalecer&#8221;, afirmou. &#8220;Em um momento de incertezas, a responsabilidade e a sensatez ser\u00e3o o norte das nossas a\u00e7\u00f5es. Avaliamos minuciosamente a situa\u00e7\u00e3o e chegamos ao consenso de que a realiza\u00e7\u00e3o do Carnaval em 2015 seria totalmente invi\u00e1vel devido ao agravamento da crise&#8221;, completou.<\/p>\n","protected":false},"excerpt":{"rendered":"<p>O Carnaval 2015 da cidade de Brumado, a 564 quil\u00f4metros de Salvador foi cancelado. A decis\u00e3o foi tomada pelo prefeito da cidade, Aguiberto Lima Dias , ap\u00f3s reuni\u00e3o com a equipe de governo. Segundo o administra\u00e7\u00e3o municipal, o cancelamento busca conter gastos e manter o equil\u00edbrio financeiro da cidade para evitar o aumento da crise. [&hellip;]<\/p>\n","protected":false},"author":2,"featured_media":0,"comment_status":"open","ping_status":"open","sticky":false,"template":"","format":"standard","meta":{"footnotes":"","_links_to":"","_links_to_target":""},"categories":[1],"tags":[],"class_list":["post-44989","post","type-post","status-publish","format-standard","hentry","category-geral"],"views":3155,"_links":{"self":[{"href":"https:\/\/www.sudoestehoje.com.br\/novoportal\/wp-json\/wp\/v2\/posts\/44989","targetHints":{"allow":["GET"]}}],"collection":[{"href":"https:\/\/www.sudoestehoje.com.br\/novoportal\/wp-json\/wp\/v2\/posts"}],"about":[{"href":"https:\/\/www.sudoestehoje.com.br\/novoportal\/wp-json\/wp\/v2\/types\/post"}],"author":[{"embeddable":true,"href":"https:\/\/www.sudoestehoje.com.br\/novoportal\/wp-json\/wp\/v2\/users\/2"}],"replies":[{"embeddable":true,"href":"https:\/\/www.sudoestehoje.com.br\/novoportal\/wp-json\/wp\/v2\/comments?post=44989"}],"version-history":[{"count":1,"href":"https:\/\/www.sudoestehoje.com.br\/novoportal\/wp-json\/wp\/v2\/posts\/44989\/revisions"}],"predecessor-version":[{"id":44991,"href":"https:\/\/www.sudoestehoje.com.br\/novoportal\/wp-json\/wp\/v2\/posts\/44989\/revisions\/44991"}],"wp:attachment":[{"href":"https:\/\/www.sudoestehoje.com.br\/novoportal\/wp-json\/wp\/v2\/media?parent=44989"}],"wp:term":[{"taxonomy":"category","embeddable":true,"href":"https:\/\/www.sudoestehoje.com.br\/novoportal\/wp-json\/wp\/v2\/categories?post=44989"},{"taxonomy":"post_tag","embeddable":true,"href":"https:\/\/www.sudoestehoje.com.br\/novoportal\/wp-json\/wp\/v2\/tags?post=44989"}],"curies":[{"name":"wp","href":"https:\/\/api.w.org\/{rel}","templated":true}]}}