
{"id":4497,"date":"2011-04-20T01:09:29","date_gmt":"2011-04-20T04:09:29","guid":{"rendered":"http:\/\/www.sudoestehoje.com.br\/novoportal\/?p=4497"},"modified":"2011-04-20T01:09:29","modified_gmt":"2011-04-20T04:09:29","slug":"merenda-escolar-vira-churrasquinho-de-gato","status":"publish","type":"post","link":"https:\/\/www.sudoestehoje.com.br\/novoportal\/2011\/04\/20\/merenda-escolar-vira-churrasquinho-de-gato\/","title":{"rendered":"MERENDA ESCOLAR VIRA &#8216;CHURRASQUINHO DE GATO&#8217;"},"content":{"rendered":"<p style=\"text-align: center;\"><a id=\"apf9\" href=\"http:\/\/www.google.com.br\/imgres?imgurl=http:\/\/perlbal.hi-pi.com\/blog-images\/602297\/gd\/1271796685\/Churrasquinho-de-gato-e-muito-bom.jpg&amp;imgrefurl=http:\/\/loucurasdanet.bloguedoido.com\/31231\/Churrasquinho-de-gato-e-muito-bom\/&amp;usg=__rKmYoL1Cn_Zn-ZEZ1Wfn9DD5Lik=&amp;h=374&amp;w=480&amp;sz=100&amp;hl=pt-BR&amp;start=50&amp;sig2=thczyE5z3pHuzRpW_AVNGQ&amp;zoom=1&amp;um=1&amp;itbs=1&amp;tbnid=mNoklh6MBh-l3M:&amp;tbnh=101&amp;tbnw=129&amp;prev=\/search%3Fq%3DCHURRASQUINHO%2BDE%2BGATO%26start%3D40%26um%3D1%26hl%3Dpt-BR%26sa%3DN%26rlz%3D1R2ADBS_pt-BRBR354%26ndsp%3D20%26tbm%3Disch&amp;ei=Cx-uTZeFO6jk0QHV5pDpAg\"><img loading=\"lazy\" decoding=\"async\" id=\"ipfmNoklh6MBh-l3M:\" class=\"aligncenter\" src=\"http:\/\/t0.gstatic.com\/images?q=tbn:ANd9GcTNQrKwREPVG8zwWzD-jFa8F9ZmWPdOtO5ZfF3SyOVi_TN-ZzR9hb_q_52B\" alt=\"\" width=\"129\" height=\"101\" \/><\/a><\/p>\n<p>Os moradores do Distrito de Bandeira do Col\u00f4nia est\u00e3o indignados com os absurdos que andam acontecendo por l\u00e1. Primeiro foi o caso que ocorreu no PSF, no ano passado, quando funcion\u00e1rios estavam usando a geladeira do posto para gelar aquela cervejinha. Agora, os moradores denunciam que g\u00eaneros a merenda dos alunos da Escola Municipal D. Geni est\u00e3o sendo desviados para &#8220;fabrica\u00e7\u00e3o de salgadinhos&#8221;, que s\u00e3o vendidos para os pr\u00f3prios alunos. Para piorar, a carne da merenda estaria sendo usada por um funcion\u00e1rio da prefeitura, para fazer &#8220;churrasquinho de gato&#8221;, que \u00e9 vendido em via p\u00fablica, em um toldo armado em frente da casa do sujeito. Virou uma &#8216;zona&#8217;, mesmo&#8230;<\/p>\n","protected":false},"excerpt":{"rendered":"<p>Os moradores do Distrito de Bandeira do Col\u00f4nia est\u00e3o indignados com os absurdos que andam acontecendo por l\u00e1. Primeiro foi o caso que ocorreu no PSF, no ano passado, quando funcion\u00e1rios estavam usando a geladeira do posto para gelar aquela cervejinha. Agora, os moradores denunciam que g\u00eaneros a merenda dos alunos da Escola Municipal D. [&hellip;]<\/p>\n","protected":false},"author":2,"featured_media":0,"comment_status":"open","ping_status":"open","sticky":false,"template":"","format":"standard","meta":{"footnotes":"","_links_to":"","_links_to_target":""},"categories":[11],"tags":[],"class_list":["post-4497","post","type-post","status-publish","format-standard","hentry","category-quentinhas"],"views":1167,"_links":{"self":[{"href":"https:\/\/www.sudoestehoje.com.br\/novoportal\/wp-json\/wp\/v2\/posts\/4497","targetHints":{"allow":["GET"]}}],"collection":[{"href":"https:\/\/www.sudoestehoje.com.br\/novoportal\/wp-json\/wp\/v2\/posts"}],"about":[{"href":"https:\/\/www.sudoestehoje.com.br\/novoportal\/wp-json\/wp\/v2\/types\/post"}],"author":[{"embeddable":true,"href":"https:\/\/www.sudoestehoje.com.br\/novoportal\/wp-json\/wp\/v2\/users\/2"}],"replies":[{"embeddable":true,"href":"https:\/\/www.sudoestehoje.com.br\/novoportal\/wp-json\/wp\/v2\/comments?post=4497"}],"version-history":[{"count":3,"href":"https:\/\/www.sudoestehoje.com.br\/novoportal\/wp-json\/wp\/v2\/posts\/4497\/revisions"}],"predecessor-version":[{"id":4502,"href":"https:\/\/www.sudoestehoje.com.br\/novoportal\/wp-json\/wp\/v2\/posts\/4497\/revisions\/4502"}],"wp:attachment":[{"href":"https:\/\/www.sudoestehoje.com.br\/novoportal\/wp-json\/wp\/v2\/media?parent=4497"}],"wp:term":[{"taxonomy":"category","embeddable":true,"href":"https:\/\/www.sudoestehoje.com.br\/novoportal\/wp-json\/wp\/v2\/categories?post=4497"},{"taxonomy":"post_tag","embeddable":true,"href":"https:\/\/www.sudoestehoje.com.br\/novoportal\/wp-json\/wp\/v2\/tags?post=4497"}],"curies":[{"name":"wp","href":"https:\/\/api.w.org\/{rel}","templated":true}]}}