
{"id":44968,"date":"2014-12-02T22:19:45","date_gmt":"2014-12-03T01:19:45","guid":{"rendered":"http:\/\/www.sudoestehoje.com.br\/novoportal\/?p=44968"},"modified":"2014-12-02T22:19:45","modified_gmt":"2014-12-03T01:19:45","slug":"deputado-antonio-brito-se-reune-com-ministro-armando-monteiro","status":"publish","type":"post","link":"https:\/\/www.sudoestehoje.com.br\/novoportal\/2014\/12\/02\/deputado-antonio-brito-se-reune-com-ministro-armando-monteiro\/","title":{"rendered":"DEPUTADO ANT\u00d4NIO BRITO SE RE\u00daNE COM MINISTRO ARMANDO MONTEIRO"},"content":{"rendered":"<p><a href=\"http:\/\/www.sudoestehoje.com.br\/novoportal\/wp-content\/uploads\/2014\/12\/ANT\u00d4NIO.jpg\"><img loading=\"lazy\" decoding=\"async\" class=\"aligncenter size-medium wp-image-44969\" src=\"http:\/\/www.sudoestehoje.com.br\/novoportal\/wp-content\/uploads\/2014\/12\/ANT\u00d4NIO-500x271.jpg\" alt=\"ANT\u00d4NIO\" width=\"500\" height=\"271\" srcset=\"https:\/\/www.sudoestehoje.com.br\/novoportal\/wp-content\/uploads\/2014\/12\/ANT\u00d4NIO-500x271.jpg 500w, https:\/\/www.sudoestehoje.com.br\/novoportal\/wp-content\/uploads\/2014\/12\/ANT\u00d4NIO-150x81.jpg 150w, https:\/\/www.sudoestehoje.com.br\/novoportal\/wp-content\/uploads\/2014\/12\/ANT\u00d4NIO.jpg 590w\" sizes=\"auto, (max-width: 500px) 100vw, 500px\" \/><\/a><\/p>\n<p>O senador pernambucano Armando Monteiro (PTB), escolhido ministro do Desenvolvimento, Ind\u00fastria e Com\u00e9rcio Exterior (MDIC) pela presidente Dilma Rousseff, reuniu-se agora \u00e0 tarde com a bancada do partido na C\u00e2mara dos Deputados. Na pauta, o futuro da sigla e a atua\u00e7\u00e3o da bancada no Congresso Nacional. O deputado federal Antonio Brito (PTB-BA) participou do encontro e tamb\u00e9m esteve ontem reunido com a presidente e a bancada do partido durante a oficializa\u00e7\u00e3o de Armando Monteiro como o novo titular da pasta. \u201cApoiamos a presidente Dilma Rousseff e ficamos felizes com a escolha de Monteiro para dirigir um minist\u00e9rio t\u00e3o importante. Levei para ele a import\u00e2ncia do setor da sa\u00fade como um elemento gerador de empregos, de tecnologia e de desenvolvimento para o pa\u00eds\u201d, declarou Brito.<\/p>\n","protected":false},"excerpt":{"rendered":"<p>O senador pernambucano Armando Monteiro (PTB), escolhido ministro do Desenvolvimento, Ind\u00fastria e Com\u00e9rcio Exterior (MDIC) pela presidente Dilma Rousseff, reuniu-se agora \u00e0 tarde com a bancada do partido na C\u00e2mara dos Deputados. Na pauta, o futuro da sigla e a atua\u00e7\u00e3o da bancada no Congresso Nacional. O deputado federal Antonio Brito (PTB-BA) participou do encontro [&hellip;]<\/p>\n","protected":false},"author":2,"featured_media":0,"comment_status":"open","ping_status":"open","sticky":false,"template":"","format":"standard","meta":{"footnotes":"","_links_to":"","_links_to_target":""},"categories":[1],"tags":[],"class_list":["post-44968","post","type-post","status-publish","format-standard","hentry","category-geral"],"views":1190,"_links":{"self":[{"href":"https:\/\/www.sudoestehoje.com.br\/novoportal\/wp-json\/wp\/v2\/posts\/44968","targetHints":{"allow":["GET"]}}],"collection":[{"href":"https:\/\/www.sudoestehoje.com.br\/novoportal\/wp-json\/wp\/v2\/posts"}],"about":[{"href":"https:\/\/www.sudoestehoje.com.br\/novoportal\/wp-json\/wp\/v2\/types\/post"}],"author":[{"embeddable":true,"href":"https:\/\/www.sudoestehoje.com.br\/novoportal\/wp-json\/wp\/v2\/users\/2"}],"replies":[{"embeddable":true,"href":"https:\/\/www.sudoestehoje.com.br\/novoportal\/wp-json\/wp\/v2\/comments?post=44968"}],"version-history":[{"count":1,"href":"https:\/\/www.sudoestehoje.com.br\/novoportal\/wp-json\/wp\/v2\/posts\/44968\/revisions"}],"predecessor-version":[{"id":44970,"href":"https:\/\/www.sudoestehoje.com.br\/novoportal\/wp-json\/wp\/v2\/posts\/44968\/revisions\/44970"}],"wp:attachment":[{"href":"https:\/\/www.sudoestehoje.com.br\/novoportal\/wp-json\/wp\/v2\/media?parent=44968"}],"wp:term":[{"taxonomy":"category","embeddable":true,"href":"https:\/\/www.sudoestehoje.com.br\/novoportal\/wp-json\/wp\/v2\/categories?post=44968"},{"taxonomy":"post_tag","embeddable":true,"href":"https:\/\/www.sudoestehoje.com.br\/novoportal\/wp-json\/wp\/v2\/tags?post=44968"}],"curies":[{"name":"wp","href":"https:\/\/api.w.org\/{rel}","templated":true}]}}