
{"id":44960,"date":"2014-12-02T20:35:16","date_gmt":"2014-12-02T23:35:16","guid":{"rendered":"http:\/\/www.sudoestehoje.com.br\/novoportal\/?p=44960"},"modified":"2014-12-02T20:35:16","modified_gmt":"2014-12-02T23:35:16","slug":"itapetinga-e-regiao-ganham-novo-forum-da-justica-do-trabalho","status":"publish","type":"post","link":"https:\/\/www.sudoestehoje.com.br\/novoportal\/2014\/12\/02\/itapetinga-e-regiao-ganham-novo-forum-da-justica-do-trabalho\/","title":{"rendered":"ITAPETINGA E REGI\u00c3O GANHAM NOVO F\u00d3RUM DA JUSTI\u00c7A DO TRABALHO"},"content":{"rendered":"<div id=\"attachment_44961\" style=\"width: 510px\" class=\"wp-caption aligncenter\"><a href=\"http:\/\/www.sudoestehoje.com.br\/novoportal\/wp-content\/uploads\/2014\/12\/JUST-TRABALHO.jpg\"><img loading=\"lazy\" decoding=\"async\" aria-describedby=\"caption-attachment-44961\" class=\" wp-image-44961\" src=\"http:\/\/www.sudoestehoje.com.br\/novoportal\/wp-content\/uploads\/2014\/12\/JUST-TRABALHO.jpg\" alt=\"O novo F\u00f3rum Trabalhista de Itapetinga ser\u00e1 inaugurado no dia 09 de dezembro (ter\u00e7a). \" width=\"500\" height=\"334\" srcset=\"https:\/\/www.sudoestehoje.com.br\/novoportal\/wp-content\/uploads\/2014\/12\/JUST-TRABALHO.jpg 448w, https:\/\/www.sudoestehoje.com.br\/novoportal\/wp-content\/uploads\/2014\/12\/JUST-TRABALHO-150x100.jpg 150w\" sizes=\"auto, (max-width: 500px) 100vw, 500px\" \/><\/a><p id=\"caption-attachment-44961\" class=\"wp-caption-text\">O novo F\u00f3rum Trabalhista de Itapetinga ser\u00e1 inaugurado no dia 09 de dezembro (ter\u00e7a).<\/p><\/div>\n<p>A Vara do Trabalho de Itapetinga ganha no pr\u00f3ximo dia 9 de dezembro nova sede, localizada na Rua Dulce Pereira Gomes, 150, no bairro Jardim Morumbi. A inaugura\u00e7\u00e3o, que acontecer\u00e1 \u00e0s 10h30 com a presen\u00e7a do presidente do Tribunal Regional do Trabalho da 5\u00aa Regi\u00e3o (TRT5-BA), desembargador Valt\u00e9rcio de Oliveira, ser\u00e1 marcada tamb\u00e9m pela instala\u00e7\u00e3o do Processo Judicial Eletr\u00f4nico da Justi\u00e7a do Trabalho (PJe-JT) na Jurisdi\u00e7\u00e3o.<\/p>\n<p>No dia seguinte (10\/12), o desembargador preside a instala\u00e7\u00e3o do PJe nas duas Varas do Trabalho de Vit\u00f3ria da Conquista, tamb\u00e9m \u00e0s 10h30, no F\u00f3rum local da Justi\u00e7a do Trabalho (Rua Rio de Contas, 325, F\u00f3rum Cr\u00e9sio Dantas Alves, Candeias \u2013 Estrada para a UESB\/Pr\u00f3ximo ao CEMAE). A gestora regional do PJe, desembargadora Dalila Andrade, participar\u00e1 dos eventos. Veja mais detalhes abaixo:<!--more--><\/p>\n<p>A nova sede de Itapetinga foi constru\u00edda em terreno de 3.229 metros quadrados, doado pela prefeitura daquele munic\u00edpio. O local fica pr\u00f3ximo \u00e0 sede atual, que j\u00e1 n\u00e3o comporta as demandas dos jurisdicionados e vinha requerendo constantes manuten\u00e7\u00f5es.<\/p>\n<p>O novo pr\u00e9dio tem ambientes para secretaria, gabinete do juiz, salas de audi\u00eancia e de advogados, acessibilidade a deficientes f\u00edsicos, estacionamento para aproximadamente 20 carros, e pode, caso se verifique a necessidade, ser adaptada para a instala\u00e7\u00e3o de mais uma vara.<\/p>\n<p>A jurisdi\u00e7\u00e3o da unidade da Justi\u00e7a do Trabalho em Itapetinga abrange, al\u00e9m do munic\u00edpio-sede, as cidades de Caatiba, Encruzilhada, Itaju do Col\u00f4nia, Itamb\u00e9, Itarantim, Itoror\u00f3, Macarani, Maiquinique, Potiragu\u00e1 e Ribeir\u00e3o do Largo. A Vara recebeu 5.252 novos processos no \u00faltimo tri\u00eanio (uma media de aproximadamente 1.750\/ano).<\/p>\n","protected":false},"excerpt":{"rendered":"<p>A Vara do Trabalho de Itapetinga ganha no pr\u00f3ximo dia 9 de dezembro nova sede, localizada na Rua Dulce Pereira Gomes, 150, no bairro Jardim Morumbi. A inaugura\u00e7\u00e3o, que acontecer\u00e1 \u00e0s 10h30 com a presen\u00e7a do presidente do Tribunal Regional do Trabalho da 5\u00aa Regi\u00e3o (TRT5-BA), desembargador Valt\u00e9rcio de Oliveira, ser\u00e1 marcada tamb\u00e9m pela instala\u00e7\u00e3o [&hellip;]<\/p>\n","protected":false},"author":2,"featured_media":0,"comment_status":"open","ping_status":"open","sticky":false,"template":"","format":"standard","meta":{"footnotes":"","_links_to":"","_links_to_target":""},"categories":[1],"tags":[],"class_list":["post-44960","post","type-post","status-publish","format-standard","hentry","category-geral"],"views":1516,"_links":{"self":[{"href":"https:\/\/www.sudoestehoje.com.br\/novoportal\/wp-json\/wp\/v2\/posts\/44960","targetHints":{"allow":["GET"]}}],"collection":[{"href":"https:\/\/www.sudoestehoje.com.br\/novoportal\/wp-json\/wp\/v2\/posts"}],"about":[{"href":"https:\/\/www.sudoestehoje.com.br\/novoportal\/wp-json\/wp\/v2\/types\/post"}],"author":[{"embeddable":true,"href":"https:\/\/www.sudoestehoje.com.br\/novoportal\/wp-json\/wp\/v2\/users\/2"}],"replies":[{"embeddable":true,"href":"https:\/\/www.sudoestehoje.com.br\/novoportal\/wp-json\/wp\/v2\/comments?post=44960"}],"version-history":[{"count":2,"href":"https:\/\/www.sudoestehoje.com.br\/novoportal\/wp-json\/wp\/v2\/posts\/44960\/revisions"}],"predecessor-version":[{"id":44963,"href":"https:\/\/www.sudoestehoje.com.br\/novoportal\/wp-json\/wp\/v2\/posts\/44960\/revisions\/44963"}],"wp:attachment":[{"href":"https:\/\/www.sudoestehoje.com.br\/novoportal\/wp-json\/wp\/v2\/media?parent=44960"}],"wp:term":[{"taxonomy":"category","embeddable":true,"href":"https:\/\/www.sudoestehoje.com.br\/novoportal\/wp-json\/wp\/v2\/categories?post=44960"},{"taxonomy":"post_tag","embeddable":true,"href":"https:\/\/www.sudoestehoje.com.br\/novoportal\/wp-json\/wp\/v2\/tags?post=44960"}],"curies":[{"name":"wp","href":"https:\/\/api.w.org\/{rel}","templated":true}]}}