
{"id":44927,"date":"2014-12-01T12:04:07","date_gmt":"2014-12-01T15:04:07","guid":{"rendered":"http:\/\/www.sudoestehoje.com.br\/novoportal\/?p=44927"},"modified":"2014-12-01T12:04:07","modified_gmt":"2014-12-01T15:04:07","slug":"rui-costa-e-governadores-eleitos-do-pt-articulam-volta-da-cpmf","status":"publish","type":"post","link":"https:\/\/www.sudoestehoje.com.br\/novoportal\/2014\/12\/01\/rui-costa-e-governadores-eleitos-do-pt-articulam-volta-da-cpmf\/","title":{"rendered":"RUI COSTA E GOVERNADORES ELEITOS DO PT ARTICULAM VOLTA DA CPMF"},"content":{"rendered":"<p><a href=\"http:\/\/www.sudoestehoje.com.br\/novoportal\/wp-content\/uploads\/2014\/12\/cpmf.jpg\"><img loading=\"lazy\" decoding=\"async\" class=\"aligncenter size-full wp-image-44928\" src=\"http:\/\/www.sudoestehoje.com.br\/novoportal\/wp-content\/uploads\/2014\/12\/cpmf.jpg\" alt=\"cpmf\" width=\"480\" height=\"360\" srcset=\"https:\/\/www.sudoestehoje.com.br\/novoportal\/wp-content\/uploads\/2014\/12\/cpmf.jpg 480w, https:\/\/www.sudoestehoje.com.br\/novoportal\/wp-content\/uploads\/2014\/12\/cpmf-150x112.jpg 150w\" sizes=\"auto, (max-width: 480px) 100vw, 480px\" \/><\/a><\/p>\n<p>Os governadores eleitos pelo PT na Bahia, Rui Costa, no Cear\u00e1, Camilo Santana, e no Piau\u00ed, Welington Dias, come\u00e7am a articular o retorno da Contribui\u00e7\u00e3o Provis\u00f3ria sobre a Movimenta\u00e7\u00e3o Financeira (CPMF), de acordo com reportagem da Folha. O extinto tributo era cobrado automaticamente a cada transmiss\u00e3o de valores em bancos.<\/p>\n<p>A proposta dos petistas j\u00e1 tem o consentimento da presidente Dilma Rousseff e ser\u00e1 apresentada em um encontrado regional de governadores nordestinos no dia 9, na Para\u00edba. &#8220;A presidente disse que \u00e9 preciso avaliar a conjuntura pol\u00edtica&#8221;, diz Rui sobre a ressalva feita por Dilma.<\/p>\n<p>O coro para a volta da CPMF retorna com a perda de receita para governos dos estados e prefeituras. Os gestores t\u00eam interesse em encontrar novas fontes para financiar a sa\u00fade, um dos itens mais caros do or\u00e7amento p\u00fablico.<\/p>\n","protected":false},"excerpt":{"rendered":"<p>Os governadores eleitos pelo PT na Bahia, Rui Costa, no Cear\u00e1, Camilo Santana, e no Piau\u00ed, Welington Dias, come\u00e7am a articular o retorno da Contribui\u00e7\u00e3o Provis\u00f3ria sobre a Movimenta\u00e7\u00e3o Financeira (CPMF), de acordo com reportagem da Folha. O extinto tributo era cobrado automaticamente a cada transmiss\u00e3o de valores em bancos. A proposta dos petistas j\u00e1 [&hellip;]<\/p>\n","protected":false},"author":2,"featured_media":0,"comment_status":"open","ping_status":"open","sticky":false,"template":"","format":"standard","meta":{"footnotes":"","_links_to":"","_links_to_target":""},"categories":[1],"tags":[],"class_list":["post-44927","post","type-post","status-publish","format-standard","hentry","category-geral"],"views":1528,"_links":{"self":[{"href":"https:\/\/www.sudoestehoje.com.br\/novoportal\/wp-json\/wp\/v2\/posts\/44927","targetHints":{"allow":["GET"]}}],"collection":[{"href":"https:\/\/www.sudoestehoje.com.br\/novoportal\/wp-json\/wp\/v2\/posts"}],"about":[{"href":"https:\/\/www.sudoestehoje.com.br\/novoportal\/wp-json\/wp\/v2\/types\/post"}],"author":[{"embeddable":true,"href":"https:\/\/www.sudoestehoje.com.br\/novoportal\/wp-json\/wp\/v2\/users\/2"}],"replies":[{"embeddable":true,"href":"https:\/\/www.sudoestehoje.com.br\/novoportal\/wp-json\/wp\/v2\/comments?post=44927"}],"version-history":[{"count":1,"href":"https:\/\/www.sudoestehoje.com.br\/novoportal\/wp-json\/wp\/v2\/posts\/44927\/revisions"}],"predecessor-version":[{"id":44929,"href":"https:\/\/www.sudoestehoje.com.br\/novoportal\/wp-json\/wp\/v2\/posts\/44927\/revisions\/44929"}],"wp:attachment":[{"href":"https:\/\/www.sudoestehoje.com.br\/novoportal\/wp-json\/wp\/v2\/media?parent=44927"}],"wp:term":[{"taxonomy":"category","embeddable":true,"href":"https:\/\/www.sudoestehoje.com.br\/novoportal\/wp-json\/wp\/v2\/categories?post=44927"},{"taxonomy":"post_tag","embeddable":true,"href":"https:\/\/www.sudoestehoje.com.br\/novoportal\/wp-json\/wp\/v2\/tags?post=44927"}],"curies":[{"name":"wp","href":"https:\/\/api.w.org\/{rel}","templated":true}]}}