
{"id":44899,"date":"2014-11-30T22:55:20","date_gmt":"2014-12-01T01:55:20","guid":{"rendered":"http:\/\/www.sudoestehoje.com.br\/novoportal\/?p=44899"},"modified":"2014-11-30T22:55:20","modified_gmt":"2014-12-01T01:55:20","slug":"itarantim-contas-do-prefeito-paulo-fernandes-foram-aprovadas-pelo-tcm","status":"publish","type":"post","link":"https:\/\/www.sudoestehoje.com.br\/novoportal\/2014\/11\/30\/itarantim-contas-do-prefeito-paulo-fernandes-foram-aprovadas-pelo-tcm\/","title":{"rendered":"ITARANTIM: CONTAS DO PREFEITO PAULO FERNANDES FORAM APROVADAS PELO TCM"},"content":{"rendered":"<p><a href=\"http:\/\/www.sudoestehoje.com.br\/novoportal\/wp-content\/uploads\/2014\/11\/paulo.png\"><img loading=\"lazy\" decoding=\"async\" class=\"aligncenter  wp-image-44901\" src=\"http:\/\/www.sudoestehoje.com.br\/novoportal\/wp-content\/uploads\/2014\/11\/paulo.png\" alt=\"paulo\" width=\"501\" height=\"310\" srcset=\"https:\/\/www.sudoestehoje.com.br\/novoportal\/wp-content\/uploads\/2014\/11\/paulo.png 365w, https:\/\/www.sudoestehoje.com.br\/novoportal\/wp-content\/uploads\/2014\/11\/paulo-150x92.png 150w\" sizes=\"auto, (max-width: 501px) 100vw, 501px\" \/><\/a><\/p>\n<p>As contas do prefeito de Itarantim, Paulo Fernandes, relativas ao seu primeiro ano de mandato (2013), foram aprovadas pelo Tribunal de Contas dos Munic\u00edpios (TCM).<\/p>\n<p>No seu parecer pr\u00e9vio, o conselheiro do TCM, Paulo Marconi, opinou pela aprova\u00e7\u00e3o das contas do gestor, com pequenas ressalvas, que j\u00e1 est\u00e3o sendo sanadas pela Cont\u00e1bil Consultoria Ltda, empresa que tem como respons\u00e1vel t\u00e9cnico o competente contador Alfredo Cabral de Assis, em Itapetinga.<\/p>\n<p>O prefeito Paulo Fernandes vem se destacando como um gestor s\u00e9rio e competente, realizando uma das melhores administra\u00e7\u00f5es da Regi\u00e3o Sudoeste.<\/p>\n<p><strong><em>Por Davi Ferraz<\/em><\/strong><\/p>\n","protected":false},"excerpt":{"rendered":"<p>As contas do prefeito de Itarantim, Paulo Fernandes, relativas ao seu primeiro ano de mandato (2013), foram aprovadas pelo Tribunal de Contas dos Munic\u00edpios (TCM). No seu parecer pr\u00e9vio, o conselheiro do TCM, Paulo Marconi, opinou pela aprova\u00e7\u00e3o das contas do gestor, com pequenas ressalvas, que j\u00e1 est\u00e3o sendo sanadas pela Cont\u00e1bil Consultoria Ltda, empresa [&hellip;]<\/p>\n","protected":false},"author":2,"featured_media":0,"comment_status":"open","ping_status":"open","sticky":false,"template":"","format":"standard","meta":{"footnotes":"","_links_to":"","_links_to_target":""},"categories":[1],"tags":[],"class_list":["post-44899","post","type-post","status-publish","format-standard","hentry","category-geral"],"views":1980,"_links":{"self":[{"href":"https:\/\/www.sudoestehoje.com.br\/novoportal\/wp-json\/wp\/v2\/posts\/44899","targetHints":{"allow":["GET"]}}],"collection":[{"href":"https:\/\/www.sudoestehoje.com.br\/novoportal\/wp-json\/wp\/v2\/posts"}],"about":[{"href":"https:\/\/www.sudoestehoje.com.br\/novoportal\/wp-json\/wp\/v2\/types\/post"}],"author":[{"embeddable":true,"href":"https:\/\/www.sudoestehoje.com.br\/novoportal\/wp-json\/wp\/v2\/users\/2"}],"replies":[{"embeddable":true,"href":"https:\/\/www.sudoestehoje.com.br\/novoportal\/wp-json\/wp\/v2\/comments?post=44899"}],"version-history":[{"count":2,"href":"https:\/\/www.sudoestehoje.com.br\/novoportal\/wp-json\/wp\/v2\/posts\/44899\/revisions"}],"predecessor-version":[{"id":44902,"href":"https:\/\/www.sudoestehoje.com.br\/novoportal\/wp-json\/wp\/v2\/posts\/44899\/revisions\/44902"}],"wp:attachment":[{"href":"https:\/\/www.sudoestehoje.com.br\/novoportal\/wp-json\/wp\/v2\/media?parent=44899"}],"wp:term":[{"taxonomy":"category","embeddable":true,"href":"https:\/\/www.sudoestehoje.com.br\/novoportal\/wp-json\/wp\/v2\/categories?post=44899"},{"taxonomy":"post_tag","embeddable":true,"href":"https:\/\/www.sudoestehoje.com.br\/novoportal\/wp-json\/wp\/v2\/tags?post=44899"}],"curies":[{"name":"wp","href":"https:\/\/api.w.org\/{rel}","templated":true}]}}