
{"id":44882,"date":"2014-11-30T10:02:15","date_gmt":"2014-11-30T13:02:15","guid":{"rendered":"http:\/\/www.sudoestehoje.com.br\/novoportal\/?p=44882"},"modified":"2014-11-30T10:02:15","modified_gmt":"2014-11-30T13:02:15","slug":"dilma-deixa-wagner-no-banho-maria","status":"publish","type":"post","link":"https:\/\/www.sudoestehoje.com.br\/novoportal\/2014\/11\/30\/dilma-deixa-wagner-no-banho-maria\/","title":{"rendered":"DILMA DEIXA WAGNER NO BANHO MARIA"},"content":{"rendered":"<p><a href=\"http:\/\/www.sudoestehoje.com.br\/novoportal\/wp-content\/uploads\/2014\/11\/jacques-wagner-brasilia-20051219-size-598.jpg\"><img loading=\"lazy\" decoding=\"async\" class=\"aligncenter size-medium wp-image-44884\" src=\"http:\/\/www.sudoestehoje.com.br\/novoportal\/wp-content\/uploads\/2014\/11\/jacques-wagner-brasilia-20051219-size-598-500x281.jpg\" alt=\"jacques-wagner-brasilia-20051219-size-598\" width=\"500\" height=\"281\" srcset=\"https:\/\/www.sudoestehoje.com.br\/novoportal\/wp-content\/uploads\/2014\/11\/jacques-wagner-brasilia-20051219-size-598-500x281.jpg 500w, https:\/\/www.sudoestehoje.com.br\/novoportal\/wp-content\/uploads\/2014\/11\/jacques-wagner-brasilia-20051219-size-598-150x84.jpg 150w, https:\/\/www.sudoestehoje.com.br\/novoportal\/wp-content\/uploads\/2014\/11\/jacques-wagner-brasilia-20051219-size-598.jpg 597w\" sizes=\"auto, (max-width: 500px) 100vw, 500px\" \/><\/a><\/p>\n<p>O governador Jaques Wagner afirmou a aliados que est\u00e1 descontente com a indefini\u00e7\u00e3o da presidente Dilma Rousseff sobre o cargo que dever\u00e1 assumir na equipe do novo governo, segundo informa\u00e7\u00f5es da coluna Painel, do jornal Folha de S. Paulo. Ainda segundo a coluna, ele deixou claro \u00e0 Dilma que n\u00e3o quer retornar \u00e0 Secretaria de Rela\u00e7\u00f5es Institucionais, que assumiu entre 2005 e 2006 no governo Lula. De acordo com Painel, com a prov\u00e1vel ida do ex-ministro d\u00e3o Desenvolvimento Agr\u00e1rio, Miguel Rosseto, para a Secretaria-Geral da Presid\u00eancia da Rep\u00fablica, n\u00e3o restar\u00e1 espa\u00e7o para Wagner nos minist\u00e9rios palacianos. Entre as pastas com maior peso ainda dispon\u00edveis, h\u00e1 o Minist\u00e9rio das Comunica\u00e7\u00f5es.<\/p>\n","protected":false},"excerpt":{"rendered":"<p>O governador Jaques Wagner afirmou a aliados que est\u00e1 descontente com a indefini\u00e7\u00e3o da presidente Dilma Rousseff sobre o cargo que dever\u00e1 assumir na equipe do novo governo, segundo informa\u00e7\u00f5es da coluna Painel, do jornal Folha de S. Paulo. Ainda segundo a coluna, ele deixou claro \u00e0 Dilma que n\u00e3o quer retornar \u00e0 Secretaria de [&hellip;]<\/p>\n","protected":false},"author":2,"featured_media":0,"comment_status":"open","ping_status":"open","sticky":false,"template":"","format":"standard","meta":{"footnotes":"","_links_to":"","_links_to_target":""},"categories":[1],"tags":[],"class_list":["post-44882","post","type-post","status-publish","format-standard","hentry","category-geral"],"views":1461,"_links":{"self":[{"href":"https:\/\/www.sudoestehoje.com.br\/novoportal\/wp-json\/wp\/v2\/posts\/44882","targetHints":{"allow":["GET"]}}],"collection":[{"href":"https:\/\/www.sudoestehoje.com.br\/novoportal\/wp-json\/wp\/v2\/posts"}],"about":[{"href":"https:\/\/www.sudoestehoje.com.br\/novoportal\/wp-json\/wp\/v2\/types\/post"}],"author":[{"embeddable":true,"href":"https:\/\/www.sudoestehoje.com.br\/novoportal\/wp-json\/wp\/v2\/users\/2"}],"replies":[{"embeddable":true,"href":"https:\/\/www.sudoestehoje.com.br\/novoportal\/wp-json\/wp\/v2\/comments?post=44882"}],"version-history":[{"count":2,"href":"https:\/\/www.sudoestehoje.com.br\/novoportal\/wp-json\/wp\/v2\/posts\/44882\/revisions"}],"predecessor-version":[{"id":44885,"href":"https:\/\/www.sudoestehoje.com.br\/novoportal\/wp-json\/wp\/v2\/posts\/44882\/revisions\/44885"}],"wp:attachment":[{"href":"https:\/\/www.sudoestehoje.com.br\/novoportal\/wp-json\/wp\/v2\/media?parent=44882"}],"wp:term":[{"taxonomy":"category","embeddable":true,"href":"https:\/\/www.sudoestehoje.com.br\/novoportal\/wp-json\/wp\/v2\/categories?post=44882"},{"taxonomy":"post_tag","embeddable":true,"href":"https:\/\/www.sudoestehoje.com.br\/novoportal\/wp-json\/wp\/v2\/tags?post=44882"}],"curies":[{"name":"wp","href":"https:\/\/api.w.org\/{rel}","templated":true}]}}