
{"id":44867,"date":"2014-11-30T01:38:14","date_gmt":"2014-11-30T04:38:14","guid":{"rendered":"http:\/\/www.sudoestehoje.com.br\/novoportal\/?p=44867"},"modified":"2014-12-01T11:49:11","modified_gmt":"2014-12-01T14:49:11","slug":"sucatas-de-veiculos-aparecem-misteriosamente-ao-lado-da-lagoa","status":"publish","type":"post","link":"https:\/\/www.sudoestehoje.com.br\/novoportal\/2014\/11\/30\/sucatas-de-veiculos-aparecem-misteriosamente-ao-lado-da-lagoa\/","title":{"rendered":"SUCATAS DE VE\u00cdCULOS APARECEM MISTERIOSAMENTE AO LADO DA LAGOA"},"content":{"rendered":"<p><a href=\"http:\/\/www.sudoestehoje.com.br\/novoportal\/wp-content\/uploads\/2014\/11\/sucata.jpg\"><img loading=\"lazy\" decoding=\"async\" class=\"aligncenter size-medium wp-image-44868\" src=\"http:\/\/www.sudoestehoje.com.br\/novoportal\/wp-content\/uploads\/2014\/11\/sucata-500x375.jpg\" alt=\"sucata\" width=\"500\" height=\"375\" srcset=\"https:\/\/www.sudoestehoje.com.br\/novoportal\/wp-content\/uploads\/2014\/11\/sucata-500x375.jpg 500w, https:\/\/www.sudoestehoje.com.br\/novoportal\/wp-content\/uploads\/2014\/11\/sucata-700x525.jpg 700w, https:\/\/www.sudoestehoje.com.br\/novoportal\/wp-content\/uploads\/2014\/11\/sucata-150x112.jpg 150w, https:\/\/www.sudoestehoje.com.br\/novoportal\/wp-content\/uploads\/2014\/11\/sucata.jpg 960w\" sizes=\"auto, (max-width: 500px) 100vw, 500px\" \/><\/a><\/p>\n<p>Segundo mat\u00e9ria publicada no Blog do Z\u00e9 Ferreira, chamaram \u00e0 aten\u00e7\u00e3o das pessoas que circularam pelo Parque da Lagoa, neste s\u00e1bado, as duas sucatas de carros abandonadas entre a pista da BA-263 e a Rua Marginal, ao lado d Parque Poliesportivo da Lagoa, em Itapetinga. Os ve\u00edculos acidentados est\u00e3o sem placas e com marcas de ferrugem.<\/p>\n<p><a href=\"http:\/\/www.sudoestehoje.com.br\/novoportal\/wp-content\/uploads\/2014\/11\/sucata-2.jpg\"><img loading=\"lazy\" decoding=\"async\" class=\"aligncenter size-medium wp-image-44869\" src=\"http:\/\/www.sudoestehoje.com.br\/novoportal\/wp-content\/uploads\/2014\/11\/sucata-2-500x375.jpg\" alt=\"sucata 2\" width=\"500\" height=\"375\" srcset=\"https:\/\/www.sudoestehoje.com.br\/novoportal\/wp-content\/uploads\/2014\/11\/sucata-2-500x375.jpg 500w, https:\/\/www.sudoestehoje.com.br\/novoportal\/wp-content\/uploads\/2014\/11\/sucata-2-700x525.jpg 700w, https:\/\/www.sudoestehoje.com.br\/novoportal\/wp-content\/uploads\/2014\/11\/sucata-2-150x112.jpg 150w, https:\/\/www.sudoestehoje.com.br\/novoportal\/wp-content\/uploads\/2014\/11\/sucata-2.jpg 960w\" sizes=\"auto, (max-width: 500px) 100vw, 500px\" \/><\/a><\/p>\n<p>At\u00e9 o momento, n\u00e3o h\u00e1 informa\u00e7\u00e3o se as carca\u00e7as fazem parte de alguma campanha educativa contra acidentes de tr\u00e2nsito, ou se trata de simples &#8216;desova&#8217;.<\/p>\n<p>Atualiza\u00e7\u00e3o:<\/p>\n<p>Posteriormente foi constatado que se tratava apenas de um trenamento simulado dos socorristas do SAMU-192.<\/p>\n","protected":false},"excerpt":{"rendered":"<p>Segundo mat\u00e9ria publicada no Blog do Z\u00e9 Ferreira, chamaram \u00e0 aten\u00e7\u00e3o das pessoas que circularam pelo Parque da Lagoa, neste s\u00e1bado, as duas sucatas de carros abandonadas entre a pista da BA-263 e a Rua Marginal, ao lado d Parque Poliesportivo da Lagoa, em Itapetinga. Os ve\u00edculos acidentados est\u00e3o sem placas e com marcas de [&hellip;]<\/p>\n","protected":false},"author":2,"featured_media":0,"comment_status":"open","ping_status":"open","sticky":false,"template":"","format":"standard","meta":{"footnotes":"","_links_to":"","_links_to_target":""},"categories":[1],"tags":[],"class_list":["post-44867","post","type-post","status-publish","format-standard","hentry","category-geral"],"views":3851,"_links":{"self":[{"href":"https:\/\/www.sudoestehoje.com.br\/novoportal\/wp-json\/wp\/v2\/posts\/44867","targetHints":{"allow":["GET"]}}],"collection":[{"href":"https:\/\/www.sudoestehoje.com.br\/novoportal\/wp-json\/wp\/v2\/posts"}],"about":[{"href":"https:\/\/www.sudoestehoje.com.br\/novoportal\/wp-json\/wp\/v2\/types\/post"}],"author":[{"embeddable":true,"href":"https:\/\/www.sudoestehoje.com.br\/novoportal\/wp-json\/wp\/v2\/users\/2"}],"replies":[{"embeddable":true,"href":"https:\/\/www.sudoestehoje.com.br\/novoportal\/wp-json\/wp\/v2\/comments?post=44867"}],"version-history":[{"count":7,"href":"https:\/\/www.sudoestehoje.com.br\/novoportal\/wp-json\/wp\/v2\/posts\/44867\/revisions"}],"predecessor-version":[{"id":44926,"href":"https:\/\/www.sudoestehoje.com.br\/novoportal\/wp-json\/wp\/v2\/posts\/44867\/revisions\/44926"}],"wp:attachment":[{"href":"https:\/\/www.sudoestehoje.com.br\/novoportal\/wp-json\/wp\/v2\/media?parent=44867"}],"wp:term":[{"taxonomy":"category","embeddable":true,"href":"https:\/\/www.sudoestehoje.com.br\/novoportal\/wp-json\/wp\/v2\/categories?post=44867"},{"taxonomy":"post_tag","embeddable":true,"href":"https:\/\/www.sudoestehoje.com.br\/novoportal\/wp-json\/wp\/v2\/tags?post=44867"}],"curies":[{"name":"wp","href":"https:\/\/api.w.org\/{rel}","templated":true}]}}