
{"id":44841,"date":"2014-11-29T10:28:52","date_gmt":"2014-11-29T13:28:52","guid":{"rendered":"http:\/\/www.sudoestehoje.com.br\/novoportal\/?p=44841"},"modified":"2014-11-29T15:19:17","modified_gmt":"2014-11-29T18:19:17","slug":"44841","status":"publish","type":"post","link":"https:\/\/www.sudoestehoje.com.br\/novoportal\/2014\/11\/29\/44841\/","title":{"rendered":"ITOROR\u00d3: CONTAS DA C\u00c2MARA MUNICIPAL S\u00c3O APROVADAS PELO TCM"},"content":{"rendered":"<div id=\"attachment_44842\" style=\"width: 510px\" class=\"wp-caption aligncenter\"><a href=\"http:\/\/www.sudoestehoje.com.br\/novoportal\/wp-content\/uploads\/2014\/11\/biduinha.jpg\"><img loading=\"lazy\" decoding=\"async\" aria-describedby=\"caption-attachment-44842\" class=\"size-medium wp-image-44842\" src=\"http:\/\/www.sudoestehoje.com.br\/novoportal\/wp-content\/uploads\/2014\/11\/biduinha-500x530.jpg\" alt=\"Vereador Genivaldo Carneiro, presidente da C\u00e2mara Municipal de Itoror\u00f3.\" width=\"500\" height=\"530\" srcset=\"https:\/\/www.sudoestehoje.com.br\/novoportal\/wp-content\/uploads\/2014\/11\/biduinha-500x530.jpg 500w, https:\/\/www.sudoestehoje.com.br\/novoportal\/wp-content\/uploads\/2014\/11\/biduinha-700x743.jpg 700w, https:\/\/www.sudoestehoje.com.br\/novoportal\/wp-content\/uploads\/2014\/11\/biduinha-141x150.jpg 141w, https:\/\/www.sudoestehoje.com.br\/novoportal\/wp-content\/uploads\/2014\/11\/biduinha.jpg 842w\" sizes=\"auto, (max-width: 500px) 100vw, 500px\" \/><\/a><p id=\"caption-attachment-44842\" class=\"wp-caption-text\">Vereador Genivaldo Carneiro &#8220;Biduinha&#8221;, presidente da C\u00e2mara Municipal de Itoror\u00f3.<\/p><\/div>\n<p>Atrav\u00e9s de nota encaminhada \u00e0 imprensa, o presidente da C\u00e2mara de Vereadores de Itoror\u00f3, Genivaldo da Silva Carneiro (Biduinha), divulgou a decis\u00e3o do Tribunal de Contas dos Munic\u00edpios &#8211; TCM, que emitiu parecer favor\u00e1vel pela aprova\u00e7\u00e3o das contas do Legislativa Municipal, referente ao exerc\u00edcio financeiro de 2013.<\/p>\n<p>Segundo a nota divulgada com o t\u00edtulo &#8220;O Verdadeiro Ficha Limpa&#8217;, o conselheiro-relator Pl\u00ednio Carneiro Neto opinou pela aprova\u00e7\u00e3o das contas da C\u00e2mara de Vereadores, sendo acompanhado pelos demais conselheiros que formam o pleno do TCM, o que mostra a lisura da gest\u00e3o de Biduinha na aplica\u00e7\u00e3o dos recursos destinados ao Legislativo Municipal.<\/p>\n<p>A decis\u00e3o que aprovou as contas de Genivaldo Carneiro est\u00e1 dispon\u00edvel no Di\u00e1rio Oficial do Estado, podendo tamb\u00e9m ser acessada atrav\u00e9s do Portal do TCM na internet.<\/p>\n<p><strong><em>Por Davi Ferraz<\/em><\/strong><\/p>\n","protected":false},"excerpt":{"rendered":"<p>Atrav\u00e9s de nota encaminhada \u00e0 imprensa, o presidente da C\u00e2mara de Vereadores de Itoror\u00f3, Genivaldo da Silva Carneiro (Biduinha), divulgou a decis\u00e3o do Tribunal de Contas dos Munic\u00edpios &#8211; TCM, que emitiu parecer favor\u00e1vel pela aprova\u00e7\u00e3o das contas do Legislativa Municipal, referente ao exerc\u00edcio financeiro de 2013. Segundo a nota divulgada com o t\u00edtulo &#8220;O [&hellip;]<\/p>\n","protected":false},"author":2,"featured_media":0,"comment_status":"open","ping_status":"open","sticky":false,"template":"","format":"standard","meta":{"footnotes":"","_links_to":"","_links_to_target":""},"categories":[1],"tags":[],"class_list":["post-44841","post","type-post","status-publish","format-standard","hentry","category-geral"],"views":1468,"_links":{"self":[{"href":"https:\/\/www.sudoestehoje.com.br\/novoportal\/wp-json\/wp\/v2\/posts\/44841","targetHints":{"allow":["GET"]}}],"collection":[{"href":"https:\/\/www.sudoestehoje.com.br\/novoportal\/wp-json\/wp\/v2\/posts"}],"about":[{"href":"https:\/\/www.sudoestehoje.com.br\/novoportal\/wp-json\/wp\/v2\/types\/post"}],"author":[{"embeddable":true,"href":"https:\/\/www.sudoestehoje.com.br\/novoportal\/wp-json\/wp\/v2\/users\/2"}],"replies":[{"embeddable":true,"href":"https:\/\/www.sudoestehoje.com.br\/novoportal\/wp-json\/wp\/v2\/comments?post=44841"}],"version-history":[{"count":5,"href":"https:\/\/www.sudoestehoje.com.br\/novoportal\/wp-json\/wp\/v2\/posts\/44841\/revisions"}],"predecessor-version":[{"id":44848,"href":"https:\/\/www.sudoestehoje.com.br\/novoportal\/wp-json\/wp\/v2\/posts\/44841\/revisions\/44848"}],"wp:attachment":[{"href":"https:\/\/www.sudoestehoje.com.br\/novoportal\/wp-json\/wp\/v2\/media?parent=44841"}],"wp:term":[{"taxonomy":"category","embeddable":true,"href":"https:\/\/www.sudoestehoje.com.br\/novoportal\/wp-json\/wp\/v2\/categories?post=44841"},{"taxonomy":"post_tag","embeddable":true,"href":"https:\/\/www.sudoestehoje.com.br\/novoportal\/wp-json\/wp\/v2\/tags?post=44841"}],"curies":[{"name":"wp","href":"https:\/\/api.w.org\/{rel}","templated":true}]}}