
{"id":44831,"date":"2014-11-28T13:53:30","date_gmt":"2014-11-28T16:53:30","guid":{"rendered":"http:\/\/www.sudoestehoje.com.br\/novoportal\/?p=44831"},"modified":"2014-11-28T14:08:21","modified_gmt":"2014-11-28T17:08:21","slug":"jovem-de-itapetinga-e-assassinada-em-conquista-com-requintes-de-crueldadea","status":"publish","type":"post","link":"https:\/\/www.sudoestehoje.com.br\/novoportal\/2014\/11\/28\/jovem-de-itapetinga-e-assassinada-em-conquista-com-requintes-de-crueldadea\/","title":{"rendered":"JOVEM DE ITAPETINGA \u00c9 ASSASSINADA EM VIT\u00d3RIA DA CONQUISTA"},"content":{"rendered":"<div id=\"attachment_44832\" style=\"width: 445px\" class=\"wp-caption aligncenter\"><a href=\"http:\/\/www.sudoestehoje.com.br\/novoportal\/wp-content\/uploads\/2014\/11\/deise.jpg\"><img loading=\"lazy\" decoding=\"async\" aria-describedby=\"caption-attachment-44832\" class=\" wp-image-44832\" src=\"http:\/\/www.sudoestehoje.com.br\/novoportal\/wp-content\/uploads\/2014\/11\/deise.jpg\" alt=\"A jovem itapetinguense havia se mudado para Conquista\" width=\"435\" height=\"326\" srcset=\"https:\/\/www.sudoestehoje.com.br\/novoportal\/wp-content\/uploads\/2014\/11\/deise.jpg 400w, https:\/\/www.sudoestehoje.com.br\/novoportal\/wp-content\/uploads\/2014\/11\/deise-150x112.jpg 150w\" sizes=\"auto, (max-width: 435px) 100vw, 435px\" \/><\/a><p id=\"caption-attachment-44832\" class=\"wp-caption-text\">A jovem itapetinguense havia se mudado para Conquista h\u00e1 quatro meses.<\/p><\/div>\n<p>Um homic\u00eddio com requintes de crueldade <a title=\"now\" href=\"http:\/\/www.blogdorodrigoferraz.com.br\/v1\/2014\/11\/27\/conquista-mulher-com-crianca-de-colo-e-morta-a-facadas-no-bairro-renato-magalhaes\/\"><strong>foi registrado na tarde de ontem<\/strong> <\/a>(quinta-feira) no bairro Renato Magalh\u00e3es, em Vit\u00f3ria da Conquista. Uma jovem de apenas 18 anos, natural de Itapetinga, identificada como Deyse Pereira da Silva, foi morta a facadas dentro de uma resid\u00eancia no bairro.<\/p>\n<p>Segundo informa\u00e7\u00f5es de amigos, h\u00e1 quatro meses que a jovem estava residindo em Conquista. Ela estava com seu filho, de poucos meses de vida, quando foi atingida com v\u00e1rias facadas. O marido da v\u00edtima estava trabalhando, e ao chegar em casa, encontrou o corpo da esposa.<\/p>\n<p>A Pol\u00edcia identificou um homem suspeito de ser o autor do assassinato, que j\u00e1 foi encaminhado ao Disep (Distrito Integrado de Seguran\u00e7a P\u00fablica) para prestar depoimento.\u00a0<em>Blog do Rodrigo Ferraz<\/em><\/p>\n","protected":false},"excerpt":{"rendered":"<p>Um homic\u00eddio com requintes de crueldade foi registrado na tarde de ontem (quinta-feira) no bairro Renato Magalh\u00e3es, em Vit\u00f3ria da Conquista. Uma jovem de apenas 18 anos, natural de Itapetinga, identificada como Deyse Pereira da Silva, foi morta a facadas dentro de uma resid\u00eancia no bairro. Segundo informa\u00e7\u00f5es de amigos, h\u00e1 quatro meses que a [&hellip;]<\/p>\n","protected":false},"author":2,"featured_media":0,"comment_status":"open","ping_status":"open","sticky":false,"template":"","format":"standard","meta":{"footnotes":"","_links_to":"","_links_to_target":""},"categories":[1],"tags":[],"class_list":["post-44831","post","type-post","status-publish","format-standard","hentry","category-geral"],"views":1511,"_links":{"self":[{"href":"https:\/\/www.sudoestehoje.com.br\/novoportal\/wp-json\/wp\/v2\/posts\/44831","targetHints":{"allow":["GET"]}}],"collection":[{"href":"https:\/\/www.sudoestehoje.com.br\/novoportal\/wp-json\/wp\/v2\/posts"}],"about":[{"href":"https:\/\/www.sudoestehoje.com.br\/novoportal\/wp-json\/wp\/v2\/types\/post"}],"author":[{"embeddable":true,"href":"https:\/\/www.sudoestehoje.com.br\/novoportal\/wp-json\/wp\/v2\/users\/2"}],"replies":[{"embeddable":true,"href":"https:\/\/www.sudoestehoje.com.br\/novoportal\/wp-json\/wp\/v2\/comments?post=44831"}],"version-history":[{"count":7,"href":"https:\/\/www.sudoestehoje.com.br\/novoportal\/wp-json\/wp\/v2\/posts\/44831\/revisions"}],"predecessor-version":[{"id":44839,"href":"https:\/\/www.sudoestehoje.com.br\/novoportal\/wp-json\/wp\/v2\/posts\/44831\/revisions\/44839"}],"wp:attachment":[{"href":"https:\/\/www.sudoestehoje.com.br\/novoportal\/wp-json\/wp\/v2\/media?parent=44831"}],"wp:term":[{"taxonomy":"category","embeddable":true,"href":"https:\/\/www.sudoestehoje.com.br\/novoportal\/wp-json\/wp\/v2\/categories?post=44831"},{"taxonomy":"post_tag","embeddable":true,"href":"https:\/\/www.sudoestehoje.com.br\/novoportal\/wp-json\/wp\/v2\/tags?post=44831"}],"curies":[{"name":"wp","href":"https:\/\/api.w.org\/{rel}","templated":true}]}}