
{"id":44827,"date":"2014-11-28T13:13:43","date_gmt":"2014-11-28T16:13:43","guid":{"rendered":"http:\/\/www.sudoestehoje.com.br\/novoportal\/?p=44827"},"modified":"2014-11-28T13:16:22","modified_gmt":"2014-11-28T16:16:22","slug":"oposicao-na-assembleia-apoia-nilo-e-isola-candidatura-de-rosembarg","status":"publish","type":"post","link":"https:\/\/www.sudoestehoje.com.br\/novoportal\/2014\/11\/28\/oposicao-na-assembleia-apoia-nilo-e-isola-candidatura-de-rosembarg\/","title":{"rendered":"OPOSI\u00c7\u00c3O NA ASSEMBLEIA APOIA NILO E ISOLA CANDIDATURA DE ROSEMBERG"},"content":{"rendered":"<div id=\"attachment_44828\" style=\"width: 510px\" class=\"wp-caption aligncenter\"><a href=\"http:\/\/www.sudoestehoje.com.br\/novoportal\/wp-content\/uploads\/2014\/11\/NILO-1.jpg\"><img loading=\"lazy\" decoding=\"async\" aria-describedby=\"caption-attachment-44828\" class=\"size-medium wp-image-44828\" src=\"http:\/\/www.sudoestehoje.com.br\/novoportal\/wp-content\/uploads\/2014\/11\/NILO-1-500x271.jpg\" alt=\"O atual presidente da Assembleia Legislativa, Marcelo Nilo, dever\u00e1 ser reeleito para o seu 5\u00ba mandato consecutivo, com apoio da oposi\u00e7\u00e3o.\" width=\"500\" height=\"271\" srcset=\"https:\/\/www.sudoestehoje.com.br\/novoportal\/wp-content\/uploads\/2014\/11\/NILO-1-500x271.jpg 500w, https:\/\/www.sudoestehoje.com.br\/novoportal\/wp-content\/uploads\/2014\/11\/NILO-1-150x81.jpg 150w, https:\/\/www.sudoestehoje.com.br\/novoportal\/wp-content\/uploads\/2014\/11\/NILO-1.jpg 590w\" sizes=\"auto, (max-width: 500px) 100vw, 500px\" \/><\/a><p id=\"caption-attachment-44828\" class=\"wp-caption-text\">O atual presidente da Assembleia Legislativa, Marcelo Nilo (PDT), dever\u00e1 ser reeleito para o seu 5\u00ba mandato consecutivo, com apoio da oposi\u00e7\u00e3o.<\/p><\/div>\n<p>O deputado estadual Sandro R\u00e9gis (DEM) antecipou ao Pol\u00edtica Livre que a oposi\u00e7\u00e3o vai apoiar institucionalmente a reelei\u00e7\u00e3o do deputado estadual Marcelo Nilo (PDT) para a presid\u00eancia da Assembleia Legislativa. \u00a0Segundo R\u00e9gis, o grupo demorou exatamente porque buscava encaminhar a decis\u00e3o de maneira consensual, como ele assegura que aconteceu. Ao todo, fazem parte do bloco PMDB, PSDB e DEM. \u00a0Uma nota deve ser emitida ainda esta tarde informando os motivos da decis\u00e3o. A decis\u00e3o isola praticamente a candidatura do petista Rosemberg Pinto, que esperava contar com o apoio dos oposicionistas.<\/p>\n","protected":false},"excerpt":{"rendered":"<p>O deputado estadual Sandro R\u00e9gis (DEM) antecipou ao Pol\u00edtica Livre que a oposi\u00e7\u00e3o vai apoiar institucionalmente a reelei\u00e7\u00e3o do deputado estadual Marcelo Nilo (PDT) para a presid\u00eancia da Assembleia Legislativa. \u00a0Segundo R\u00e9gis, o grupo demorou exatamente porque buscava encaminhar a decis\u00e3o de maneira consensual, como ele assegura que aconteceu. Ao todo, fazem parte do bloco [&hellip;]<\/p>\n","protected":false},"author":2,"featured_media":0,"comment_status":"open","ping_status":"open","sticky":false,"template":"","format":"standard","meta":{"footnotes":"","_links_to":"","_links_to_target":""},"categories":[1],"tags":[],"class_list":["post-44827","post","type-post","status-publish","format-standard","hentry","category-geral"],"views":1398,"_links":{"self":[{"href":"https:\/\/www.sudoestehoje.com.br\/novoportal\/wp-json\/wp\/v2\/posts\/44827","targetHints":{"allow":["GET"]}}],"collection":[{"href":"https:\/\/www.sudoestehoje.com.br\/novoportal\/wp-json\/wp\/v2\/posts"}],"about":[{"href":"https:\/\/www.sudoestehoje.com.br\/novoportal\/wp-json\/wp\/v2\/types\/post"}],"author":[{"embeddable":true,"href":"https:\/\/www.sudoestehoje.com.br\/novoportal\/wp-json\/wp\/v2\/users\/2"}],"replies":[{"embeddable":true,"href":"https:\/\/www.sudoestehoje.com.br\/novoportal\/wp-json\/wp\/v2\/comments?post=44827"}],"version-history":[{"count":2,"href":"https:\/\/www.sudoestehoje.com.br\/novoportal\/wp-json\/wp\/v2\/posts\/44827\/revisions"}],"predecessor-version":[{"id":44830,"href":"https:\/\/www.sudoestehoje.com.br\/novoportal\/wp-json\/wp\/v2\/posts\/44827\/revisions\/44830"}],"wp:attachment":[{"href":"https:\/\/www.sudoestehoje.com.br\/novoportal\/wp-json\/wp\/v2\/media?parent=44827"}],"wp:term":[{"taxonomy":"category","embeddable":true,"href":"https:\/\/www.sudoestehoje.com.br\/novoportal\/wp-json\/wp\/v2\/categories?post=44827"},{"taxonomy":"post_tag","embeddable":true,"href":"https:\/\/www.sudoestehoje.com.br\/novoportal\/wp-json\/wp\/v2\/tags?post=44827"}],"curies":[{"name":"wp","href":"https:\/\/api.w.org\/{rel}","templated":true}]}}