
{"id":44824,"date":"2014-11-28T13:02:09","date_gmt":"2014-11-28T16:02:09","guid":{"rendered":"http:\/\/www.sudoestehoje.com.br\/novoportal\/?p=44824"},"modified":"2014-11-28T13:02:09","modified_gmt":"2014-11-28T16:02:09","slug":"matricula-para-a-rede-estadual-de-ensino-sera-no-final-de-fevereiro","status":"publish","type":"post","link":"https:\/\/www.sudoestehoje.com.br\/novoportal\/2014\/11\/28\/matricula-para-a-rede-estadual-de-ensino-sera-no-final-de-fevereiro\/","title":{"rendered":"MATR\u00cdCULA PARA A REDE ESTADUAL DE ENSINO SER\u00c1 NO FINAL DE FEVEREIRO"},"content":{"rendered":"<p><a href=\"http:\/\/www.sudoestehoje.com.br\/novoportal\/wp-content\/uploads\/2014\/11\/ESCOLAS.jpg\"><img loading=\"lazy\" decoding=\"async\" class=\"aligncenter size-medium wp-image-44825\" src=\"http:\/\/www.sudoestehoje.com.br\/novoportal\/wp-content\/uploads\/2014\/11\/ESCOLAS-500x271.jpg\" alt=\"ESCOLAS\" width=\"500\" height=\"271\" srcset=\"https:\/\/www.sudoestehoje.com.br\/novoportal\/wp-content\/uploads\/2014\/11\/ESCOLAS-500x271.jpg 500w, https:\/\/www.sudoestehoje.com.br\/novoportal\/wp-content\/uploads\/2014\/11\/ESCOLAS-150x81.jpg 150w, https:\/\/www.sudoestehoje.com.br\/novoportal\/wp-content\/uploads\/2014\/11\/ESCOLAS.jpg 590w\" sizes=\"auto, (max-width: 500px) 100vw, 500px\" \/><\/a><\/p>\n<p>Come\u00e7a a partir do dia 25 de fevereiro de 2015 a matr\u00edcula de alunos na rede estadual de ensino. O calend\u00e1rio foi divulgado, ontem, pela Secretaria Estadual da Educa\u00e7\u00e3o (SEC), que publicou no Di\u00e1rio Oficial do Estado portaria com normas e o cronograma referentes \u00e0 transfer\u00eancia e matr\u00edcula de estudantes na rede estadual de ensino. A matr\u00edcula ser\u00e1 realizada nas unidades escolares ou atrav\u00e9s do site www.educacao.ba.gov.br\/matricula, conforme o cronograma estabelecido pela secretaria.<\/p>\n","protected":false},"excerpt":{"rendered":"<p>Come\u00e7a a partir do dia 25 de fevereiro de 2015 a matr\u00edcula de alunos na rede estadual de ensino. O calend\u00e1rio foi divulgado, ontem, pela Secretaria Estadual da Educa\u00e7\u00e3o (SEC), que publicou no Di\u00e1rio Oficial do Estado portaria com normas e o cronograma referentes \u00e0 transfer\u00eancia e matr\u00edcula de estudantes na rede estadual de ensino. [&hellip;]<\/p>\n","protected":false},"author":2,"featured_media":0,"comment_status":"open","ping_status":"open","sticky":false,"template":"","format":"standard","meta":{"footnotes":"","_links_to":"","_links_to_target":""},"categories":[1],"tags":[],"class_list":["post-44824","post","type-post","status-publish","format-standard","hentry","category-geral"],"views":1312,"_links":{"self":[{"href":"https:\/\/www.sudoestehoje.com.br\/novoportal\/wp-json\/wp\/v2\/posts\/44824","targetHints":{"allow":["GET"]}}],"collection":[{"href":"https:\/\/www.sudoestehoje.com.br\/novoportal\/wp-json\/wp\/v2\/posts"}],"about":[{"href":"https:\/\/www.sudoestehoje.com.br\/novoportal\/wp-json\/wp\/v2\/types\/post"}],"author":[{"embeddable":true,"href":"https:\/\/www.sudoestehoje.com.br\/novoportal\/wp-json\/wp\/v2\/users\/2"}],"replies":[{"embeddable":true,"href":"https:\/\/www.sudoestehoje.com.br\/novoportal\/wp-json\/wp\/v2\/comments?post=44824"}],"version-history":[{"count":1,"href":"https:\/\/www.sudoestehoje.com.br\/novoportal\/wp-json\/wp\/v2\/posts\/44824\/revisions"}],"predecessor-version":[{"id":44826,"href":"https:\/\/www.sudoestehoje.com.br\/novoportal\/wp-json\/wp\/v2\/posts\/44824\/revisions\/44826"}],"wp:attachment":[{"href":"https:\/\/www.sudoestehoje.com.br\/novoportal\/wp-json\/wp\/v2\/media?parent=44824"}],"wp:term":[{"taxonomy":"category","embeddable":true,"href":"https:\/\/www.sudoestehoje.com.br\/novoportal\/wp-json\/wp\/v2\/categories?post=44824"},{"taxonomy":"post_tag","embeddable":true,"href":"https:\/\/www.sudoestehoje.com.br\/novoportal\/wp-json\/wp\/v2\/tags?post=44824"}],"curies":[{"name":"wp","href":"https:\/\/api.w.org\/{rel}","templated":true}]}}