
{"id":44817,"date":"2014-11-28T13:17:19","date_gmt":"2014-11-28T16:17:19","guid":{"rendered":"http:\/\/www.sudoestehoje.com.br\/novoportal\/?p=44817"},"modified":"2014-11-28T13:18:03","modified_gmt":"2014-11-28T16:18:03","slug":"macarani-armando-porto-pode-retornar-a-prefeitura-em-2016","status":"publish","type":"post","link":"https:\/\/www.sudoestehoje.com.br\/novoportal\/2014\/11\/28\/macarani-armando-porto-pode-retornar-a-prefeitura-em-2016\/","title":{"rendered":"MACARANI: ARMANDO PORTO PODE RETORNAR \u00c0 PREFEITURA EM 2016"},"content":{"rendered":"<p><a href=\"http:\/\/www.sudoestehoje.com.br\/novoportal\/wp-content\/uploads\/2014\/11\/armando-porto.jpg\"><img loading=\"lazy\" decoding=\"async\" class=\"aligncenter size-medium wp-image-44819\" src=\"http:\/\/www.sudoestehoje.com.br\/novoportal\/wp-content\/uploads\/2014\/11\/armando-porto-500x375.jpg\" alt=\"armando porto\" width=\"500\" height=\"375\" srcset=\"https:\/\/www.sudoestehoje.com.br\/novoportal\/wp-content\/uploads\/2014\/11\/armando-porto-500x375.jpg 500w, https:\/\/www.sudoestehoje.com.br\/novoportal\/wp-content\/uploads\/2014\/11\/armando-porto-700x525.jpg 700w, https:\/\/www.sudoestehoje.com.br\/novoportal\/wp-content\/uploads\/2014\/11\/armando-porto-150x112.jpg 150w, https:\/\/www.sudoestehoje.com.br\/novoportal\/wp-content\/uploads\/2014\/11\/armando-porto.jpg 960w\" sizes=\"auto, (max-width: 500px) 100vw, 500px\" \/><\/a><\/p>\n<p>Segundo coment\u00e1rio geral que corre na cidade de Macarani, o retorno do ex-prefeito Armando Porto \u00e9 dado como certo pelo eleitorado, em 2016, diante do desgaste que o atual prefeito vem sofrendo no munic\u00edpio, nos \u00faltimos dois anos.<\/p>\n<p>At\u00e9 2012, quando se reelegeu, o prefeito Carlinhos vinha realizando uma administra\u00e7\u00e3o din\u00e2mica, chegando a ser considerado um dos melhores prefeitos do interior do Estado, mas de uns tempos para c\u00e1 vem se ausentando excessivamente do munic\u00edpio e deixando a desejar nos seus compromissos como gestor de Macarani..<\/p>\n<p>Para piorar, Carlinhos \u00e9 extremamente centralizador, deixando seus secret\u00e1rios de m\u00e3os atadas, durante os longos per\u00edodos em que se ausenta da cidade, para cuidar de seus neg\u00f3cios particulares em Belo Horizonte.<\/p>\n<p>No campo pol\u00edtico, Carlinhos lan\u00e7ou prematuramente a candidatura de seu fiel escudeiro &#8220;Playboy&#8221;, como estrat\u00e9gia para afastar o apoio a Armando Porto, que o lan\u00e7ou na pol\u00edtica de Macarani em 2008, em raz\u00e3o da inelegibilidade do m\u00e9dico Paulo Lacerda, na v\u00e9spera do pleito. Para completar, Carlinhos se aliou ao seu o arqui-rival Nogueira, o que desagradou de cheio o seu eleitorado.<\/p>\n<p>Segundo se comenta na cidade, Armando Porto contra Playboy <em>&#8220;\u00e9 mais mole que tirar chupeta da boca de crian\u00e7a&#8221;<\/em>. Vamos esperar para ver&#8230;<\/p>\n<p><strong><em>Por Davi Ferraz\u00a0<\/em><\/strong><\/p>\n","protected":false},"excerpt":{"rendered":"<p>Segundo coment\u00e1rio geral que corre na cidade de Macarani, o retorno do ex-prefeito Armando Porto \u00e9 dado como certo pelo eleitorado, em 2016, diante do desgaste que o atual prefeito vem sofrendo no munic\u00edpio, nos \u00faltimos dois anos. At\u00e9 2012, quando se reelegeu, o prefeito Carlinhos vinha realizando uma administra\u00e7\u00e3o din\u00e2mica, chegando a ser considerado [&hellip;]<\/p>\n","protected":false},"author":2,"featured_media":0,"comment_status":"open","ping_status":"open","sticky":false,"template":"","format":"standard","meta":{"footnotes":"","_links_to":"","_links_to_target":""},"categories":[1],"tags":[],"class_list":["post-44817","post","type-post","status-publish","format-standard","hentry","category-geral"],"views":4073,"_links":{"self":[{"href":"https:\/\/www.sudoestehoje.com.br\/novoportal\/wp-json\/wp\/v2\/posts\/44817","targetHints":{"allow":["GET"]}}],"collection":[{"href":"https:\/\/www.sudoestehoje.com.br\/novoportal\/wp-json\/wp\/v2\/posts"}],"about":[{"href":"https:\/\/www.sudoestehoje.com.br\/novoportal\/wp-json\/wp\/v2\/types\/post"}],"author":[{"embeddable":true,"href":"https:\/\/www.sudoestehoje.com.br\/novoportal\/wp-json\/wp\/v2\/users\/2"}],"replies":[{"embeddable":true,"href":"https:\/\/www.sudoestehoje.com.br\/novoportal\/wp-json\/wp\/v2\/comments?post=44817"}],"version-history":[{"count":3,"href":"https:\/\/www.sudoestehoje.com.br\/novoportal\/wp-json\/wp\/v2\/posts\/44817\/revisions"}],"predecessor-version":[{"id":44823,"href":"https:\/\/www.sudoestehoje.com.br\/novoportal\/wp-json\/wp\/v2\/posts\/44817\/revisions\/44823"}],"wp:attachment":[{"href":"https:\/\/www.sudoestehoje.com.br\/novoportal\/wp-json\/wp\/v2\/media?parent=44817"}],"wp:term":[{"taxonomy":"category","embeddable":true,"href":"https:\/\/www.sudoestehoje.com.br\/novoportal\/wp-json\/wp\/v2\/categories?post=44817"},{"taxonomy":"post_tag","embeddable":true,"href":"https:\/\/www.sudoestehoje.com.br\/novoportal\/wp-json\/wp\/v2\/tags?post=44817"}],"curies":[{"name":"wp","href":"https:\/\/api.w.org\/{rel}","templated":true}]}}