
{"id":44805,"date":"2014-11-27T10:19:48","date_gmt":"2014-11-27T13:19:48","guid":{"rendered":"http:\/\/www.sudoestehoje.com.br\/novoportal\/?p=44805"},"modified":"2014-11-27T10:19:48","modified_gmt":"2014-11-27T13:19:48","slug":"grave-acidente-deixa-4-mortos-na-116","status":"publish","type":"post","link":"https:\/\/www.sudoestehoje.com.br\/novoportal\/2014\/11\/27\/grave-acidente-deixa-4-mortos-na-116\/","title":{"rendered":"GRAVE ACIDENTE DEIXA 4 MORTOS NA 116"},"content":{"rendered":"<p><a href=\"http:\/\/www.sudoestehoje.com.br\/novoportal\/wp-content\/uploads\/2014\/11\/acidente-116.jpg\"><img loading=\"lazy\" decoding=\"async\" class=\"aligncenter  wp-image-44806\" src=\"http:\/\/www.sudoestehoje.com.br\/novoportal\/wp-content\/uploads\/2014\/11\/acidente-116.jpg\" alt=\"acidente 116\" width=\"467\" height=\"350\" srcset=\"https:\/\/www.sudoestehoje.com.br\/novoportal\/wp-content\/uploads\/2014\/11\/acidente-116.jpg 400w, https:\/\/www.sudoestehoje.com.br\/novoportal\/wp-content\/uploads\/2014\/11\/acidente-116-150x112.jpg 150w\" sizes=\"auto, (max-width: 467px) 100vw, 467px\" \/><\/a><\/p>\n<p>Quatro pessoas morreram em um acidente na BR-116, na manh\u00e3 da \u00faltima quarta-feira (26). De acordo com informa\u00e7\u00f5es da Pol\u00edcia Rodovi\u00e1ria Federal, as quatro v\u00edtimas eram ocupantes de um ve\u00edculo Kadett, que colidiu frontalmente com um \u00f4nibus, no km 570 da rodovia, por volta das 8h, pr\u00f3ximo a Manoel Vitorino, distante cerca de 110 km de Vit\u00f3ria da Conquista.<\/p>\n<p>Eliabe Santos de Matos, 20 anos, Ivanael Silva de Jesus, 36, e Edilson de Jesus Santos, 34, morreram no local do acidente. A quarta v\u00edtima, identificada como Eliel Santos de Matos, 24 anos, chegou a ser socorrida e encaminhada ao Hospital Geral Prado Valadares, em Jequi\u00e9, mas n\u00e3o resistiu aos ferimentos e morreu a caminho da unidade m\u00e9dica.<\/p>\n<p>De acordo com o Departamento de Pol\u00edcia T\u00e9cnica de Jequi\u00e9, para onde os corpos foram encaminhados, as quatro v\u00edtimas s\u00e3o naturais de Manoel Vitorino. Eliabe e Eliel Santos de Matos eram irm\u00e3os. Eles viajavam a trabalho para o munic\u00edpio de Nova Itarana. Segundo o \u00f3rg\u00e3o, nenhum ocupante do \u00f4nibus, da empresa S\u00e3o Geraldo, ficou ferido. Os corpos foram liberados do DPT ainda na tarde desta quarta e ser\u00e3o sepultados em Manoel Vitorino, onde a popula\u00e7\u00e3o local est\u00e1 bastante comovida. Com informa\u00e7\u00f5es do Portal Po\u00e7\u00f5es<\/p>\n","protected":false},"excerpt":{"rendered":"<p>Quatro pessoas morreram em um acidente na BR-116, na manh\u00e3 da \u00faltima quarta-feira (26). De acordo com informa\u00e7\u00f5es da Pol\u00edcia Rodovi\u00e1ria Federal, as quatro v\u00edtimas eram ocupantes de um ve\u00edculo Kadett, que colidiu frontalmente com um \u00f4nibus, no km 570 da rodovia, por volta das 8h, pr\u00f3ximo a Manoel Vitorino, distante cerca de 110 km [&hellip;]<\/p>\n","protected":false},"author":2,"featured_media":0,"comment_status":"open","ping_status":"open","sticky":false,"template":"","format":"standard","meta":{"footnotes":"","_links_to":"","_links_to_target":""},"categories":[1],"tags":[],"class_list":["post-44805","post","type-post","status-publish","format-standard","hentry","category-geral"],"views":1177,"_links":{"self":[{"href":"https:\/\/www.sudoestehoje.com.br\/novoportal\/wp-json\/wp\/v2\/posts\/44805","targetHints":{"allow":["GET"]}}],"collection":[{"href":"https:\/\/www.sudoestehoje.com.br\/novoportal\/wp-json\/wp\/v2\/posts"}],"about":[{"href":"https:\/\/www.sudoestehoje.com.br\/novoportal\/wp-json\/wp\/v2\/types\/post"}],"author":[{"embeddable":true,"href":"https:\/\/www.sudoestehoje.com.br\/novoportal\/wp-json\/wp\/v2\/users\/2"}],"replies":[{"embeddable":true,"href":"https:\/\/www.sudoestehoje.com.br\/novoportal\/wp-json\/wp\/v2\/comments?post=44805"}],"version-history":[{"count":1,"href":"https:\/\/www.sudoestehoje.com.br\/novoportal\/wp-json\/wp\/v2\/posts\/44805\/revisions"}],"predecessor-version":[{"id":44807,"href":"https:\/\/www.sudoestehoje.com.br\/novoportal\/wp-json\/wp\/v2\/posts\/44805\/revisions\/44807"}],"wp:attachment":[{"href":"https:\/\/www.sudoestehoje.com.br\/novoportal\/wp-json\/wp\/v2\/media?parent=44805"}],"wp:term":[{"taxonomy":"category","embeddable":true,"href":"https:\/\/www.sudoestehoje.com.br\/novoportal\/wp-json\/wp\/v2\/categories?post=44805"},{"taxonomy":"post_tag","embeddable":true,"href":"https:\/\/www.sudoestehoje.com.br\/novoportal\/wp-json\/wp\/v2\/tags?post=44805"}],"curies":[{"name":"wp","href":"https:\/\/api.w.org\/{rel}","templated":true}]}}