
{"id":44785,"date":"2014-11-26T15:41:49","date_gmt":"2014-11-26T18:41:49","guid":{"rendered":"http:\/\/www.sudoestehoje.com.br\/novoportal\/?p=44785"},"modified":"2014-11-26T15:55:26","modified_gmt":"2014-11-26T18:55:26","slug":"camara-de-itororo-reprova-mais-uma-conta-de-adroaldo","status":"publish","type":"post","link":"https:\/\/www.sudoestehoje.com.br\/novoportal\/2014\/11\/26\/camara-de-itororo-reprova-mais-uma-conta-de-adroaldo\/","title":{"rendered":"C\u00c2MARA DE VEREADORES DE ITOROR\u00d3 REPROVA MAIS UMA CONTA DE ADROALDO"},"content":{"rendered":"<p><a href=\"http:\/\/www.sudoestehoje.com.br\/novoportal\/wp-content\/uploads\/2014\/11\/biduinha-2.jpg\"><img loading=\"lazy\" decoding=\"async\" class=\"aligncenter size-medium wp-image-44787\" src=\"http:\/\/www.sudoestehoje.com.br\/novoportal\/wp-content\/uploads\/2014\/11\/biduinha-2-500x375.jpg\" alt=\"biduinha 2\" width=\"500\" height=\"375\" srcset=\"https:\/\/www.sudoestehoje.com.br\/novoportal\/wp-content\/uploads\/2014\/11\/biduinha-2-500x375.jpg 500w, https:\/\/www.sudoestehoje.com.br\/novoportal\/wp-content\/uploads\/2014\/11\/biduinha-2-700x525.jpg 700w, https:\/\/www.sudoestehoje.com.br\/novoportal\/wp-content\/uploads\/2014\/11\/biduinha-2-150x112.jpg 150w, https:\/\/www.sudoestehoje.com.br\/novoportal\/wp-content\/uploads\/2014\/11\/biduinha-2.jpg 960w\" sizes=\"auto, (max-width: 500px) 100vw, 500px\" \/><\/a><\/p>\n<p>Em sess\u00e3o realizada nesta ter\u00e7a-feira (25), as contas do ex-prefeito Adroaldo Almeida (PT), relativas ao exerc\u00edcio de 2012, foram rejeitadas pela C\u00e2mara Municipal de Itoror\u00f3, que tem como presidente o vereador Genivaldo da Silva Carneiro, conhecido como &#8216;Biduinha&#8217;.<\/p>\n<p>A maioria dos vereadores seguiu a recomenda\u00e7\u00e3o do Tribunal de Contas dos Munic\u00edpios (TCM), que opinou pela rejei\u00e7\u00e3o das contas do ex-gestor, em decorr\u00eancia das graves irregularidades detectadas no processo de presta\u00e7\u00e3o de contas, consideradas insan\u00e1veis pela corte.<\/p>\n<p><a href=\"http:\/\/www.sudoestehoje.com.br\/novoportal\/wp-content\/uploads\/2014\/11\/IMG-20141126-WA0017.jpg\"><img loading=\"lazy\" decoding=\"async\" class=\"aligncenter size-medium wp-image-44794\" src=\"http:\/\/www.sudoestehoje.com.br\/novoportal\/wp-content\/uploads\/2014\/11\/IMG-20141126-WA0017-500x374.jpg\" alt=\"IMG-20141126-WA0017\" width=\"500\" height=\"374\" srcset=\"https:\/\/www.sudoestehoje.com.br\/novoportal\/wp-content\/uploads\/2014\/11\/IMG-20141126-WA0017-500x374.jpg 500w, https:\/\/www.sudoestehoje.com.br\/novoportal\/wp-content\/uploads\/2014\/11\/IMG-20141126-WA0017-700x524.jpg 700w, https:\/\/www.sudoestehoje.com.br\/novoportal\/wp-content\/uploads\/2014\/11\/IMG-20141126-WA0017-150x112.jpg 150w, https:\/\/www.sudoestehoje.com.br\/novoportal\/wp-content\/uploads\/2014\/11\/IMG-20141126-WA0017.jpg 1280w\" sizes=\"auto, (max-width: 500px) 100vw, 500px\" \/><\/a><\/p>\n<p>Votaram pela rejei\u00e7\u00e3o das contas de Adroaldo os vereadores Ant\u00f4nio Nunes, Cosme Santos, Genivaldo Carneiro, Jo\u00e3o Batista, Jo\u00e3o Brito, Jo\u00e3o Dawison e Jos\u00e9 Pereira, enquanto os vereadores Gustavo Souza e Valfrido Miranda foram contra o perecer do TCM e a favor das contas do ex-prefeito.<\/p>\n<p>A vereadora Marli Santos n\u00e3o compareceu \u00e0 sess\u00e3o, mas apresentou atestado m\u00e9dico, enquanto a vereadora Rob\u00e9lia Barros n\u00e3o justificou o motivo da sua aus\u00eancia.<\/p>\n<p><a href=\"http:\/\/www.sudoestehoje.com.br\/novoportal\/wp-content\/uploads\/2014\/11\/IMG-20141126-WA0015.jpg\"><img loading=\"lazy\" decoding=\"async\" class=\"aligncenter size-medium wp-image-44796\" src=\"http:\/\/www.sudoestehoje.com.br\/novoportal\/wp-content\/uploads\/2014\/11\/IMG-20141126-WA0015-500x374.jpg\" alt=\"IMG-20141126-WA0015\" width=\"500\" height=\"374\" srcset=\"https:\/\/www.sudoestehoje.com.br\/novoportal\/wp-content\/uploads\/2014\/11\/IMG-20141126-WA0015-500x374.jpg 500w, https:\/\/www.sudoestehoje.com.br\/novoportal\/wp-content\/uploads\/2014\/11\/IMG-20141126-WA0015-700x524.jpg 700w, https:\/\/www.sudoestehoje.com.br\/novoportal\/wp-content\/uploads\/2014\/11\/IMG-20141126-WA0015-150x112.jpg 150w, https:\/\/www.sudoestehoje.com.br\/novoportal\/wp-content\/uploads\/2014\/11\/IMG-20141126-WA0015.jpg 1280w\" sizes=\"auto, (max-width: 500px) 100vw, 500px\" \/><\/a><\/p>\n<p>Al\u00e9m das contas de 2012, o ex-prefeito Adroaldo Almeida teve tamb\u00e9m reprovadas pelo legislativo municipal as contas relativas aos exerc\u00edcios financeiros de 2009 e 2011, o que o torna ineleg\u00edvel, com base na Lei da Ficha Limpa.<\/p>\n<p><strong><em>Por Davi Ferraz<\/em><\/strong><\/p>\n","protected":false},"excerpt":{"rendered":"<p>Em sess\u00e3o realizada nesta ter\u00e7a-feira (25), as contas do ex-prefeito Adroaldo Almeida (PT), relativas ao exerc\u00edcio de 2012, foram rejeitadas pela C\u00e2mara Municipal de Itoror\u00f3, que tem como presidente o vereador Genivaldo da Silva Carneiro, conhecido como &#8216;Biduinha&#8217;. A maioria dos vereadores seguiu a recomenda\u00e7\u00e3o do Tribunal de Contas dos Munic\u00edpios (TCM), que opinou pela [&hellip;]<\/p>\n","protected":false},"author":2,"featured_media":0,"comment_status":"open","ping_status":"open","sticky":false,"template":"","format":"standard","meta":{"footnotes":"","_links_to":"","_links_to_target":""},"categories":[1],"tags":[],"class_list":["post-44785","post","type-post","status-publish","format-standard","hentry","category-geral"],"views":1924,"_links":{"self":[{"href":"https:\/\/www.sudoestehoje.com.br\/novoportal\/wp-json\/wp\/v2\/posts\/44785","targetHints":{"allow":["GET"]}}],"collection":[{"href":"https:\/\/www.sudoestehoje.com.br\/novoportal\/wp-json\/wp\/v2\/posts"}],"about":[{"href":"https:\/\/www.sudoestehoje.com.br\/novoportal\/wp-json\/wp\/v2\/types\/post"}],"author":[{"embeddable":true,"href":"https:\/\/www.sudoestehoje.com.br\/novoportal\/wp-json\/wp\/v2\/users\/2"}],"replies":[{"embeddable":true,"href":"https:\/\/www.sudoestehoje.com.br\/novoportal\/wp-json\/wp\/v2\/comments?post=44785"}],"version-history":[{"count":7,"href":"https:\/\/www.sudoestehoje.com.br\/novoportal\/wp-json\/wp\/v2\/posts\/44785\/revisions"}],"predecessor-version":[{"id":44797,"href":"https:\/\/www.sudoestehoje.com.br\/novoportal\/wp-json\/wp\/v2\/posts\/44785\/revisions\/44797"}],"wp:attachment":[{"href":"https:\/\/www.sudoestehoje.com.br\/novoportal\/wp-json\/wp\/v2\/media?parent=44785"}],"wp:term":[{"taxonomy":"category","embeddable":true,"href":"https:\/\/www.sudoestehoje.com.br\/novoportal\/wp-json\/wp\/v2\/categories?post=44785"},{"taxonomy":"post_tag","embeddable":true,"href":"https:\/\/www.sudoestehoje.com.br\/novoportal\/wp-json\/wp\/v2\/tags?post=44785"}],"curies":[{"name":"wp","href":"https:\/\/api.w.org\/{rel}","templated":true}]}}