
{"id":44774,"date":"2014-11-26T13:53:43","date_gmt":"2014-11-26T16:53:43","guid":{"rendered":"http:\/\/www.sudoestehoje.com.br\/novoportal\/?p=44774"},"modified":"2014-11-26T14:04:36","modified_gmt":"2014-11-26T17:04:36","slug":"potiragua-presenca-da-policia-federal-causa-tensao-na-prefeitura","status":"publish","type":"post","link":"https:\/\/www.sudoestehoje.com.br\/novoportal\/2014\/11\/26\/potiragua-presenca-da-policia-federal-causa-tensao-na-prefeitura\/","title":{"rendered":"POTIRAGU\u00c1: PRESEN\u00c7A DA POL\u00cdCIA FEDERAL CAUSA NERVOSISMO NA PREFEITURA"},"content":{"rendered":"<p><img loading=\"lazy\" decoding=\"async\" class=\"aligncenter\" src=\"http:\/\/www.fenapef.org.br\/fenapef\/imagem\/noticia\/100429_viatura.jpg\" alt=\"\" width=\"500\" height=\"375\" \/><\/p>\n<p>Segundo o renomado blog Pol\u00edticos do Sul da Bahia, duas viaturas da Pol\u00edcia Federal estiveram em Potiragu\u00e1, nesta semana, o que causou uma grande expectativa no munic\u00edpio. O motivo da inc\u00f4moda visita ainda n\u00e3o foi informado, mas isso deixou o \u201cQG\u201d do governo municipal bastante tenso.<\/p>\n<p>A informa\u00e7\u00e3o foi tamb\u00e9m confirmada por um leitor do Sudoeste Hoje, que esbarrou com as viaturas da PF, na entrada da cidade. Segundo a nossa fonte, as viaturas n\u00e3o estavam plotadas, mas os agentes usavam coletes com identifica\u00e7\u00e3o.<\/p>\n<p>Sempre que a PF come\u00e7a a circular pelos munic\u00edpios, j\u00e1 se cria a expectativa de uma investiga\u00e7\u00e3o no governo, deixando alguns pol\u00edticos de cabelo em p\u00e9.<\/p>\n<p>Se os agentes federais resolverem dar uma passadinha por Itapetinga, garanto que n\u00e3o perder\u00e3o a viagem&#8230;<\/p>\n<p><strong><span style=\"font-family: Arial, sans-serif; color: #555555;\"><em>Por Davi Ferraz<\/em>\u00a0<\/span><\/strong><\/p>\n","protected":false},"excerpt":{"rendered":"<p>Segundo o renomado blog Pol\u00edticos do Sul da Bahia, duas viaturas da Pol\u00edcia Federal estiveram em Potiragu\u00e1, nesta semana, o que causou uma grande expectativa no munic\u00edpio. O motivo da inc\u00f4moda visita ainda n\u00e3o foi informado, mas isso deixou o \u201cQG\u201d do governo municipal bastante tenso. A informa\u00e7\u00e3o foi tamb\u00e9m confirmada por um leitor do [&hellip;]<\/p>\n","protected":false},"author":2,"featured_media":0,"comment_status":"open","ping_status":"open","sticky":false,"template":"","format":"standard","meta":{"footnotes":"","_links_to":"","_links_to_target":""},"categories":[1],"tags":[],"class_list":["post-44774","post","type-post","status-publish","format-standard","hentry","category-geral"],"views":3312,"_links":{"self":[{"href":"https:\/\/www.sudoestehoje.com.br\/novoportal\/wp-json\/wp\/v2\/posts\/44774","targetHints":{"allow":["GET"]}}],"collection":[{"href":"https:\/\/www.sudoestehoje.com.br\/novoportal\/wp-json\/wp\/v2\/posts"}],"about":[{"href":"https:\/\/www.sudoestehoje.com.br\/novoportal\/wp-json\/wp\/v2\/types\/post"}],"author":[{"embeddable":true,"href":"https:\/\/www.sudoestehoje.com.br\/novoportal\/wp-json\/wp\/v2\/users\/2"}],"replies":[{"embeddable":true,"href":"https:\/\/www.sudoestehoje.com.br\/novoportal\/wp-json\/wp\/v2\/comments?post=44774"}],"version-history":[{"count":6,"href":"https:\/\/www.sudoestehoje.com.br\/novoportal\/wp-json\/wp\/v2\/posts\/44774\/revisions"}],"predecessor-version":[{"id":44781,"href":"https:\/\/www.sudoestehoje.com.br\/novoportal\/wp-json\/wp\/v2\/posts\/44774\/revisions\/44781"}],"wp:attachment":[{"href":"https:\/\/www.sudoestehoje.com.br\/novoportal\/wp-json\/wp\/v2\/media?parent=44774"}],"wp:term":[{"taxonomy":"category","embeddable":true,"href":"https:\/\/www.sudoestehoje.com.br\/novoportal\/wp-json\/wp\/v2\/categories?post=44774"},{"taxonomy":"post_tag","embeddable":true,"href":"https:\/\/www.sudoestehoje.com.br\/novoportal\/wp-json\/wp\/v2\/tags?post=44774"}],"curies":[{"name":"wp","href":"https:\/\/api.w.org\/{rel}","templated":true}]}}