
{"id":44766,"date":"2014-11-26T13:15:50","date_gmt":"2014-11-26T16:15:50","guid":{"rendered":"http:\/\/www.sudoestehoje.com.br\/novoportal\/?p=44766"},"modified":"2014-11-26T13:15:50","modified_gmt":"2014-11-26T16:15:50","slug":"rui-costa-pode-acabar-com-a-ebda","status":"publish","type":"post","link":"https:\/\/www.sudoestehoje.com.br\/novoportal\/2014\/11\/26\/rui-costa-pode-acabar-com-a-ebda\/","title":{"rendered":"RUI COSTA PODE ACABAR COM A EBDA"},"content":{"rendered":"<p><a href=\"http:\/\/www.sudoestehoje.com.br\/novoportal\/wp-content\/uploads\/2014\/11\/EBDA.jpg\"><img loading=\"lazy\" decoding=\"async\" class=\"aligncenter size-medium wp-image-44767\" src=\"http:\/\/www.sudoestehoje.com.br\/novoportal\/wp-content\/uploads\/2014\/11\/EBDA-500x320.jpg\" alt=\"EBDA\" width=\"500\" height=\"320\" srcset=\"https:\/\/www.sudoestehoje.com.br\/novoportal\/wp-content\/uploads\/2014\/11\/EBDA-500x320.jpg 500w, https:\/\/www.sudoestehoje.com.br\/novoportal\/wp-content\/uploads\/2014\/11\/EBDA-150x96.jpg 150w, https:\/\/www.sudoestehoje.com.br\/novoportal\/wp-content\/uploads\/2014\/11\/EBDA.jpg 700w\" sizes=\"auto, (max-width: 500px) 100vw, 500px\" \/><\/a><\/p>\n<p>O governador eleito Rui Costa (PT), est\u00e1 sinalizando que pretende acabar com a Empresa Baiana de Desenvolvimento Agr\u00edcola (EBDA). Rui pretende fazer uma reforma administrativa, para isso pensa em criar a super-secretaria de Desenvolvimento Agr\u00e1rio.<\/p>\n<p>Recentemente Rui tinha declarado que pretende fazer um estudo para um novo modelo de gest\u00e3o na EBAL, onde n\u00e3o seja preciso o uso de recursos p\u00fablicos. Com isso poderia privatizar a Cesta do Povo.<\/p>\n","protected":false},"excerpt":{"rendered":"<p>O governador eleito Rui Costa (PT), est\u00e1 sinalizando que pretende acabar com a Empresa Baiana de Desenvolvimento Agr\u00edcola (EBDA). Rui pretende fazer uma reforma administrativa, para isso pensa em criar a super-secretaria de Desenvolvimento Agr\u00e1rio. Recentemente Rui tinha declarado que pretende fazer um estudo para um novo modelo de gest\u00e3o na EBAL, onde n\u00e3o seja [&hellip;]<\/p>\n","protected":false},"author":2,"featured_media":0,"comment_status":"open","ping_status":"open","sticky":false,"template":"","format":"standard","meta":{"footnotes":"","_links_to":"","_links_to_target":""},"categories":[1],"tags":[],"class_list":["post-44766","post","type-post","status-publish","format-standard","hentry","category-geral"],"views":1317,"_links":{"self":[{"href":"https:\/\/www.sudoestehoje.com.br\/novoportal\/wp-json\/wp\/v2\/posts\/44766","targetHints":{"allow":["GET"]}}],"collection":[{"href":"https:\/\/www.sudoestehoje.com.br\/novoportal\/wp-json\/wp\/v2\/posts"}],"about":[{"href":"https:\/\/www.sudoestehoje.com.br\/novoportal\/wp-json\/wp\/v2\/types\/post"}],"author":[{"embeddable":true,"href":"https:\/\/www.sudoestehoje.com.br\/novoportal\/wp-json\/wp\/v2\/users\/2"}],"replies":[{"embeddable":true,"href":"https:\/\/www.sudoestehoje.com.br\/novoportal\/wp-json\/wp\/v2\/comments?post=44766"}],"version-history":[{"count":1,"href":"https:\/\/www.sudoestehoje.com.br\/novoportal\/wp-json\/wp\/v2\/posts\/44766\/revisions"}],"predecessor-version":[{"id":44768,"href":"https:\/\/www.sudoestehoje.com.br\/novoportal\/wp-json\/wp\/v2\/posts\/44766\/revisions\/44768"}],"wp:attachment":[{"href":"https:\/\/www.sudoestehoje.com.br\/novoportal\/wp-json\/wp\/v2\/media?parent=44766"}],"wp:term":[{"taxonomy":"category","embeddable":true,"href":"https:\/\/www.sudoestehoje.com.br\/novoportal\/wp-json\/wp\/v2\/categories?post=44766"},{"taxonomy":"post_tag","embeddable":true,"href":"https:\/\/www.sudoestehoje.com.br\/novoportal\/wp-json\/wp\/v2\/tags?post=44766"}],"curies":[{"name":"wp","href":"https:\/\/api.w.org\/{rel}","templated":true}]}}