
{"id":44726,"date":"2014-11-24T18:46:23","date_gmt":"2014-11-24T21:46:23","guid":{"rendered":"http:\/\/www.sudoestehoje.com.br\/novoportal\/?p=44726"},"modified":"2014-11-24T19:03:28","modified_gmt":"2014-11-24T22:03:28","slug":"itororo-contas-de-adroaldo-serao-votadas-pela-camara-nesta-terca","status":"publish","type":"post","link":"https:\/\/www.sudoestehoje.com.br\/novoportal\/2014\/11\/24\/itororo-contas-de-adroaldo-serao-votadas-pela-camara-nesta-terca\/","title":{"rendered":"ITOROR\u00d3: CONTAS DE ADROALDO SER\u00c3O VOTADAS PELA C\u00c2MARA NESTA TER\u00c7A"},"content":{"rendered":"<div id=\"attachment_44731\" style=\"width: 510px\" class=\"wp-caption aligncenter\"><a href=\"http:\/\/www.sudoestehoje.com.br\/novoportal\/wp-content\/uploads\/2014\/11\/BIDUINHA.jpg\"><img loading=\"lazy\" decoding=\"async\" aria-describedby=\"caption-attachment-44731\" class=\"size-medium wp-image-44731\" src=\"http:\/\/www.sudoestehoje.com.br\/novoportal\/wp-content\/uploads\/2014\/11\/BIDUINHA-500x210.jpg\" alt=\"O vereador Biduinha denunciou farra das di\u00e1rias do ex-prefeito Adroaldo e vai agora presidir sess\u00e3o que apreciar\u00e1 as contas rejeitadas pelo TCM.\" width=\"500\" height=\"210\" srcset=\"https:\/\/www.sudoestehoje.com.br\/novoportal\/wp-content\/uploads\/2014\/11\/BIDUINHA-500x210.jpg 500w, https:\/\/www.sudoestehoje.com.br\/novoportal\/wp-content\/uploads\/2014\/11\/BIDUINHA-700x295.jpg 700w, https:\/\/www.sudoestehoje.com.br\/novoportal\/wp-content\/uploads\/2014\/11\/BIDUINHA-150x63.jpg 150w, https:\/\/www.sudoestehoje.com.br\/novoportal\/wp-content\/uploads\/2014\/11\/BIDUINHA.jpg 775w\" sizes=\"auto, (max-width: 500px) 100vw, 500px\" \/><\/a><p id=\"caption-attachment-44731\" class=\"wp-caption-text\">O vereador Biduinha denunciou a farra das di\u00e1rias do ex-prefeito Adroaldo e vai agora presidir a sess\u00e3o que apreciar\u00e1 as contas do ex-gestor, rejeitadas pelo TCM.<\/p><\/div>\n<p>As contas do ex-prefeito Adroaldo Almeida (PT), referentes ao exerc\u00edcio de 2012, ser\u00e3o apreciadas e votadas pela C\u00e2mara Municipal de Itoror\u00f3, na sess\u00e3o desta ter\u00e7a-feira, com forte indicativo de que ser\u00e3o rejeitadas, em decorr\u00eancia das in\u00fameras irregularidades encontradas pelo Tribunal de Contas dos Munic\u00edpios-TCM.<\/p>\n<p>Consta no Parecer Pr\u00e9vio do TCM, que opinou pela rejei\u00e7\u00e3o das contas do ex-gestor, uma grave den\u00fancia feita pelo vereador Genivaldo da Silva Carneiro (Biduinha), a respeito de graves irregularidades praticadas por Adroaldo Almeida na concess\u00e3o de di\u00e1rias , no seu \u00faltimo ano de governo, o que levou a corte a determinar o ressarcimento aos cofres p\u00fablicos municipais da import\u00e2ncia de R$ 824.246,84, com recursos pessoais, com juros e corre\u00e7\u00e3o, al\u00e9m de imputar as multas de R$ 37.440,00 e R$ 38.065,00.<\/p>\n<p>Caso as suas contas voltem a ser rejeitadas pela C\u00e2mara de Vereadores, como aconteceu com as de exerc\u00edcios anteriores, o ex-prefeito Adroaldo ficar\u00e1 ineleg\u00edvel, com base da Lei da Ficha Limpa, jogando por \u00e1gua abaixo as suas pretens\u00f5es de retornar \u00e0 prefeitura, em 2016.<\/p>\n<p>CONFIRA O PARECER DO TCM:\u00a0<a href=\"http:\/\/www.sudoestehoje.com.br\/novoportal\/wp-content\/uploads\/2014\/11\/Publica\u00e7\u00e3o_Genivaldo_Carneiro.pdf\">PARECER CONTAS ADROALDO 2012<\/a><\/p>\n<p><strong><em>Por Davi Ferraz<\/em><\/strong><\/p>\n","protected":false},"excerpt":{"rendered":"<p>As contas do ex-prefeito Adroaldo Almeida (PT), referentes ao exerc\u00edcio de 2012, ser\u00e3o apreciadas e votadas pela C\u00e2mara Municipal de Itoror\u00f3, na sess\u00e3o desta ter\u00e7a-feira, com forte indicativo de que ser\u00e3o rejeitadas, em decorr\u00eancia das in\u00fameras irregularidades encontradas pelo Tribunal de Contas dos Munic\u00edpios-TCM. Consta no Parecer Pr\u00e9vio do TCM, que opinou pela rejei\u00e7\u00e3o das [&hellip;]<\/p>\n","protected":false},"author":2,"featured_media":0,"comment_status":"open","ping_status":"open","sticky":false,"template":"","format":"standard","meta":{"footnotes":"","_links_to":"","_links_to_target":""},"categories":[1],"tags":[],"class_list":["post-44726","post","type-post","status-publish","format-standard","hentry","category-geral"],"views":1183,"_links":{"self":[{"href":"https:\/\/www.sudoestehoje.com.br\/novoportal\/wp-json\/wp\/v2\/posts\/44726","targetHints":{"allow":["GET"]}}],"collection":[{"href":"https:\/\/www.sudoestehoje.com.br\/novoportal\/wp-json\/wp\/v2\/posts"}],"about":[{"href":"https:\/\/www.sudoestehoje.com.br\/novoportal\/wp-json\/wp\/v2\/types\/post"}],"author":[{"embeddable":true,"href":"https:\/\/www.sudoestehoje.com.br\/novoportal\/wp-json\/wp\/v2\/users\/2"}],"replies":[{"embeddable":true,"href":"https:\/\/www.sudoestehoje.com.br\/novoportal\/wp-json\/wp\/v2\/comments?post=44726"}],"version-history":[{"count":7,"href":"https:\/\/www.sudoestehoje.com.br\/novoportal\/wp-json\/wp\/v2\/posts\/44726\/revisions"}],"predecessor-version":[{"id":44735,"href":"https:\/\/www.sudoestehoje.com.br\/novoportal\/wp-json\/wp\/v2\/posts\/44726\/revisions\/44735"}],"wp:attachment":[{"href":"https:\/\/www.sudoestehoje.com.br\/novoportal\/wp-json\/wp\/v2\/media?parent=44726"}],"wp:term":[{"taxonomy":"category","embeddable":true,"href":"https:\/\/www.sudoestehoje.com.br\/novoportal\/wp-json\/wp\/v2\/categories?post=44726"},{"taxonomy":"post_tag","embeddable":true,"href":"https:\/\/www.sudoestehoje.com.br\/novoportal\/wp-json\/wp\/v2\/tags?post=44726"}],"curies":[{"name":"wp","href":"https:\/\/api.w.org\/{rel}","templated":true}]}}