
{"id":44722,"date":"2014-11-24T13:51:44","date_gmt":"2014-11-24T16:51:44","guid":{"rendered":"http:\/\/www.sudoestehoje.com.br\/novoportal\/?p=44722"},"modified":"2014-11-24T13:51:44","modified_gmt":"2014-11-24T16:51:44","slug":"wagner-e-aliados-prejudicaram-o-bahia","status":"publish","type":"post","link":"https:\/\/www.sudoestehoje.com.br\/novoportal\/2014\/11\/24\/wagner-e-aliados-prejudicaram-o-bahia\/","title":{"rendered":"WAGNER E ALIADOS PREJUDICARAM O BAHIA"},"content":{"rendered":"<div id=\"attachment_44723\" style=\"width: 510px\" class=\"wp-caption aligncenter\"><a href=\"http:\/\/www.sudoestehoje.com.br\/novoportal\/wp-content\/uploads\/2014\/11\/E-C-Bahia.jpg\"><img loading=\"lazy\" decoding=\"async\" aria-describedby=\"caption-attachment-44723\" class=\"size-full wp-image-44723\" src=\"http:\/\/www.sudoestehoje.com.br\/novoportal\/wp-content\/uploads\/2014\/11\/E-C-Bahia.jpg\" alt=\"Petistas usaram o time baiano politicamente e agora o Bahia corre risco de rebaixamento por culpa da fraca diretoria ligada ao PT.\" width=\"500\" height=\"333\" srcset=\"https:\/\/www.sudoestehoje.com.br\/novoportal\/wp-content\/uploads\/2014\/11\/E-C-Bahia.jpg 500w, https:\/\/www.sudoestehoje.com.br\/novoportal\/wp-content\/uploads\/2014\/11\/E-C-Bahia-150x99.jpg 150w\" sizes=\"auto, (max-width: 500px) 100vw, 500px\" \/><\/a><p id=\"caption-attachment-44723\" class=\"wp-caption-text\">Wagner e seus 40 petistas usaram o time baiano politicamente e agora o Bahia corre risco de rebaixamento, por culpa da fraca diretoria ligada ao governador e sua esposa.<\/p><\/div>\n<p>O E.C Bahia obteve uma p\u00e9ssima experi\u00eancia ao ser envolvido pela pol\u00edtica partid\u00e1ria na Bahia, uma p\u00e9ssima experi\u00eancia para o Esquadr\u00e3o de A\u00e7o da Capital. O Ex \u2013 presidente Marcelo Guimar\u00e3es Filho sentenciou: \u201cO Bahia virou secretaria de Governo\u201d ,disse.<\/p>\n<p>O Bahia viveu um per\u00edodo conturbado e sob a interven\u00e7\u00e3o do advogado Carlos R\u00e1tis que logo transferiu o time para o ent\u00e3o secret\u00e1rio para assuntos internacionais, de Jaques Wagner (PT), Fernando Schmidt, que foi eleito presidente do Bahia em setembro do ano passado.<\/p>\n<p>Na \u00e9poca, ele contou com o apoio do publicit\u00e1rio e marqueteiro do PT, Sid\u00f4nio Palmeira, do diretor da Sudesb, Raimundo Nonato, o Bob\u00f4 (PCdoB), do governador Jaques Wagner e da primeira-dama F\u00e1tima Mendon\u00e7a.<\/p>\n<p>Agora o E.C Bahia est\u00e1 em uma situa\u00e7\u00e3o dif\u00edcil para permanecer no pelot\u00e3o de elite do Campeonato Brasileiro \u2013 S\u00e9rie A. Para evitar o vexame o time baiano ter\u00e1 que vencer os dois jogos que restam contra o Gr\u00eamio na Fonte Nova e o Coritiba no Paran\u00e1. Ter\u00e1 que torcer para o Palmeiras n\u00e3o ganhar mais nenhum ponto nas duas partidas que restam e ainda que o E.C Vit\u00f3ria, o seu rival, n\u00e3o ven\u00e7a nenhum dos dois jogos. Matematicamente o time do Bahia ainda tem chance. Resenha Geral<\/p>\n","protected":false},"excerpt":{"rendered":"<p>O E.C Bahia obteve uma p\u00e9ssima experi\u00eancia ao ser envolvido pela pol\u00edtica partid\u00e1ria na Bahia, uma p\u00e9ssima experi\u00eancia para o Esquadr\u00e3o de A\u00e7o da Capital. O Ex \u2013 presidente Marcelo Guimar\u00e3es Filho sentenciou: \u201cO Bahia virou secretaria de Governo\u201d ,disse. O Bahia viveu um per\u00edodo conturbado e sob a interven\u00e7\u00e3o do advogado Carlos R\u00e1tis que [&hellip;]<\/p>\n","protected":false},"author":2,"featured_media":0,"comment_status":"open","ping_status":"open","sticky":false,"template":"","format":"standard","meta":{"footnotes":"","_links_to":"","_links_to_target":""},"categories":[1],"tags":[],"class_list":["post-44722","post","type-post","status-publish","format-standard","hentry","category-geral"],"views":1190,"_links":{"self":[{"href":"https:\/\/www.sudoestehoje.com.br\/novoportal\/wp-json\/wp\/v2\/posts\/44722","targetHints":{"allow":["GET"]}}],"collection":[{"href":"https:\/\/www.sudoestehoje.com.br\/novoportal\/wp-json\/wp\/v2\/posts"}],"about":[{"href":"https:\/\/www.sudoestehoje.com.br\/novoportal\/wp-json\/wp\/v2\/types\/post"}],"author":[{"embeddable":true,"href":"https:\/\/www.sudoestehoje.com.br\/novoportal\/wp-json\/wp\/v2\/users\/2"}],"replies":[{"embeddable":true,"href":"https:\/\/www.sudoestehoje.com.br\/novoportal\/wp-json\/wp\/v2\/comments?post=44722"}],"version-history":[{"count":1,"href":"https:\/\/www.sudoestehoje.com.br\/novoportal\/wp-json\/wp\/v2\/posts\/44722\/revisions"}],"predecessor-version":[{"id":44724,"href":"https:\/\/www.sudoestehoje.com.br\/novoportal\/wp-json\/wp\/v2\/posts\/44722\/revisions\/44724"}],"wp:attachment":[{"href":"https:\/\/www.sudoestehoje.com.br\/novoportal\/wp-json\/wp\/v2\/media?parent=44722"}],"wp:term":[{"taxonomy":"category","embeddable":true,"href":"https:\/\/www.sudoestehoje.com.br\/novoportal\/wp-json\/wp\/v2\/categories?post=44722"},{"taxonomy":"post_tag","embeddable":true,"href":"https:\/\/www.sudoestehoje.com.br\/novoportal\/wp-json\/wp\/v2\/tags?post=44722"}],"curies":[{"name":"wp","href":"https:\/\/api.w.org\/{rel}","templated":true}]}}