
{"id":4472,"date":"2011-04-19T14:11:25","date_gmt":"2011-04-19T17:11:25","guid":{"rendered":"http:\/\/www.sudoestehoje.com.br\/novoportal\/?p=4472"},"modified":"2011-04-19T14:11:25","modified_gmt":"2011-04-19T17:11:25","slug":"filme-conquistense-vai-ao-festival-de-cannes","status":"publish","type":"post","link":"https:\/\/www.sudoestehoje.com.br\/novoportal\/2011\/04\/19\/filme-conquistense-vai-ao-festival-de-cannes\/","title":{"rendered":"FILME CONQUISTENSE VAI AO FESTIVAL DE CANNES"},"content":{"rendered":"<p style=\"text-align: center;\"><img loading=\"lazy\" decoding=\"async\" class=\"aligncenter\" src=\"http:\/\/www.bahianoticias.com.br\/fotos\/editor\/Image\/FOTOS%20NOVAS\/tragedia_do_tamandua_movie.jpg\" alt=\"\" width=\"350\" height=\"197\" \/><\/p>\n<p style=\"text-align: center;\"><em><strong>O curta metragem narra o massacre de 22 membros da familia Ferraz, no final do s\u00e9culo XIX, no municipio de Belo Campo<\/strong><\/em><\/p>\n<p>\u00a0<\/p>\n<p>De 11 a 22 de maio acontece na Fran\u00e7a o 64\u00ba Festival de Cannes. Durante o an\u00fancio da sele\u00e7\u00e3o oficial do evento, uma not\u00edcia chamou a aten\u00e7\u00e3o. O curta metragem \u201cTrag\u00e9dia de Tamandu\u00e1\u201d, produzido e protagonizado por conquistenses, estar\u00e1 concorrendo no festival.<\/p>\n<p>A pel\u00edcula conta a hist\u00f3ria de uma ferrenha luta entre fam\u00edlias do Cel. Domingos Ferraz de Ara\u00fajo e da vi\u00fava Louren\u00e7a de Oliveira Freitas, ambas aparentadas entre si. O fato se deu na fazenda Tamandu\u00e1 de propriedade daquele coronel, cuja sede se situava no atual munic\u00edpio de Belo Campo, outrora distrito de Conquista. Para montar o roteiro do filme, foi realizada profunda e minuciosa pesquisa para tentar localizar as causas da luta entre aquelas duas fam\u00edlias, mas n\u00e3o se chegou ainda a nenhuma conclus\u00e3o un\u00e2nime at\u00e9 hoje. Tudo indica que fora por quest\u00f5es de terras ou \u201cpor causa de uma quarta de mandioca\u201d.<\/p>\n<p>O certo \u00e9 que houveram muitas brigas preliminares antes do confronto que resultou na morte de 22 pessoas. Mesmo depois dessa carnificina, nos 50 anos seguintes, v\u00e1rios remanescentes das fam\u00edlias envolvidas continuavam perseguidos e mortos.<\/p>\n<p>O filme foi\u00a0inspirado no livro \u201cO Anjo da Morte contra o Santo Lenho\u201d, de Isnara Pereira Ivo, professora da Uesb. Com informa\u00e7\u00f5es do Blog da Resenha Geral (Rodrigo Ferraz)<\/p>\n","protected":false},"excerpt":{"rendered":"<p>O curta metragem narra o massacre de 22 membros da familia Ferraz, no final do s\u00e9culo XIX, no municipio de Belo Campo \u00a0 De 11 a 22 de maio acontece na Fran\u00e7a o 64\u00ba Festival de Cannes. Durante o an\u00fancio da sele\u00e7\u00e3o oficial do evento, uma not\u00edcia chamou a aten\u00e7\u00e3o. O curta metragem \u201cTrag\u00e9dia de [&hellip;]<\/p>\n","protected":false},"author":2,"featured_media":0,"comment_status":"open","ping_status":"open","sticky":false,"template":"","format":"standard","meta":{"footnotes":"","_links_to":"","_links_to_target":""},"categories":[1],"tags":[],"class_list":["post-4472","post","type-post","status-publish","format-standard","hentry","category-geral"],"views":1144,"_links":{"self":[{"href":"https:\/\/www.sudoestehoje.com.br\/novoportal\/wp-json\/wp\/v2\/posts\/4472","targetHints":{"allow":["GET"]}}],"collection":[{"href":"https:\/\/www.sudoestehoje.com.br\/novoportal\/wp-json\/wp\/v2\/posts"}],"about":[{"href":"https:\/\/www.sudoestehoje.com.br\/novoportal\/wp-json\/wp\/v2\/types\/post"}],"author":[{"embeddable":true,"href":"https:\/\/www.sudoestehoje.com.br\/novoportal\/wp-json\/wp\/v2\/users\/2"}],"replies":[{"embeddable":true,"href":"https:\/\/www.sudoestehoje.com.br\/novoportal\/wp-json\/wp\/v2\/comments?post=4472"}],"version-history":[{"count":6,"href":"https:\/\/www.sudoestehoje.com.br\/novoportal\/wp-json\/wp\/v2\/posts\/4472\/revisions"}],"predecessor-version":[{"id":4479,"href":"https:\/\/www.sudoestehoje.com.br\/novoportal\/wp-json\/wp\/v2\/posts\/4472\/revisions\/4479"}],"wp:attachment":[{"href":"https:\/\/www.sudoestehoje.com.br\/novoportal\/wp-json\/wp\/v2\/media?parent=4472"}],"wp:term":[{"taxonomy":"category","embeddable":true,"href":"https:\/\/www.sudoestehoje.com.br\/novoportal\/wp-json\/wp\/v2\/categories?post=4472"},{"taxonomy":"post_tag","embeddable":true,"href":"https:\/\/www.sudoestehoje.com.br\/novoportal\/wp-json\/wp\/v2\/tags?post=4472"}],"curies":[{"name":"wp","href":"https:\/\/api.w.org\/{rel}","templated":true}]}}