
{"id":44662,"date":"2014-11-24T08:35:21","date_gmt":"2014-11-24T11:35:21","guid":{"rendered":"http:\/\/www.sudoestehoje.com.br\/novoportal\/?p=44662"},"modified":"2014-11-24T17:49:05","modified_gmt":"2014-11-24T20:49:05","slug":"pdt-de-itapetinga-aposta-no-prestigio-de-marcelo-nilo-e-lobista-para-validar-eleicao-de-valdeir-no-tj","status":"publish","type":"post","link":"https:\/\/www.sudoestehoje.com.br\/novoportal\/2014\/11\/24\/pdt-de-itapetinga-aposta-no-prestigio-de-marcelo-nilo-e-lobista-para-validar-eleicao-de-valdeir-no-tj\/","title":{"rendered":"PDT DE ITAPETINGA APOSTA NO PREST\u00cdGIO DE MARCELO NILO E EM LOBISTA PARA VALIDAR ELEI\u00c7\u00c3O DE VALDEIR NO TJ"},"content":{"rendered":"<div id=\"attachment_44666\" style=\"width: 510px\" class=\"wp-caption aligncenter\"><a href=\"http:\/\/www.sudoestehoje.com.br\/novoportal\/wp-content\/uploads\/2014\/11\/nilo.jpg\"><img loading=\"lazy\" decoding=\"async\" aria-describedby=\"caption-attachment-44666\" class=\"size-medium wp-image-44666\" src=\"http:\/\/www.sudoestehoje.com.br\/novoportal\/wp-content\/uploads\/2014\/11\/nilo-500x311.jpg\" alt=\"O presidente da Assembl\u00e9ia Legislativa da Bahia, Marcelo Nilo (PDT), \u00e9 a aposta do vereador Valdeir, para validar a elei\u00e7\u00e3o antecipada que o elegeu presidente da c\u00e2mara em abril.\" width=\"500\" height=\"311\" srcset=\"https:\/\/www.sudoestehoje.com.br\/novoportal\/wp-content\/uploads\/2014\/11\/nilo-500x311.jpg 500w, https:\/\/www.sudoestehoje.com.br\/novoportal\/wp-content\/uploads\/2014\/11\/nilo-150x93.jpg 150w, https:\/\/www.sudoestehoje.com.br\/novoportal\/wp-content\/uploads\/2014\/11\/nilo.jpg 640w\" sizes=\"auto, (max-width: 500px) 100vw, 500px\" \/><\/a><p id=\"caption-attachment-44666\" class=\"wp-caption-text\">O presidente da Assembl\u00e9ia Legislativa da Bahia, Marcelo Nilo (PDT), \u00e9 a aposta do grupo de Valdeir, para validar a elei\u00e7\u00e3o antecipada que o elegeu presidente da c\u00e2mara em abril.<\/p><\/div>\n<p>No in\u00edcio de abril deste ano, o grupo do prefeito antecipou a elei\u00e7\u00e3o da mesa diretora da C\u00e2mara de Vereadores de Itapetinga, elegendo como novo presidente o vereador Valdeir Chagas (PDT). A articula\u00e7\u00e3o, entretanto, n\u00e3o prosperou, em raz\u00e3o de uma liminar da justi\u00e7a que considerou irregular a elei\u00e7\u00e3o. Da\u00ed em diante, vieram outras tentativas, mas a justi\u00e7a voltou a barrar o intento do grupo Z\u00e9carlista, e nova elei\u00e7\u00e3o n\u00e3o foi realizada at\u00e9 esta data.<\/p>\n<p>Ocorre, que dezembro est\u00e1 \u00e0s portas e n\u00e3o h\u00e1 nenhum movimento ou articula\u00e7\u00f5es &#8216;vis\u00edveis&#8217;, para renova\u00e7\u00e3o da mesa diretora da casa legislativo, a n\u00e3o ser os rumores de uma articula\u00e7\u00e3o em curso, para validar, via justi\u00e7a, a elei\u00e7\u00e3o que o pr\u00f3prio judici\u00e1rio anulou em 1\u00aa inst\u00e2ncia.<\/p>\n<p>A articula\u00e7\u00e3o do grupo governista se tornou crucial em virtude do posicionamento adotado pelo vereador governista Amaral Junior (PRP), que trocou de lado, assumindo compromisso (dizem que por escrito) de marchar com a bancada da oposi\u00e7\u00e3o, desde que o candidato \u00e0 presid\u00eancia seja ele pr\u00f3prio, \u00e9 evidente. Assim, a oposi\u00e7\u00e3o faria maioria na casa, elegendo a nova mesa diretora. CONTINUE LENDO&#8230;<!--more--><\/p>\n<p>Diante disto, restou ao grupo do prefeito apenas a via judicial, e h\u00e1 fortes rumores de que um influente lobista que atua nos subterf\u00fagios do TJ, j\u00e1 teria sido contratado pelo PDT local, com o aval do prefeito Z\u00e9 Carlos, para derrubar no Tribunal de Justi\u00e7a da Bahia a decis\u00e3o da justi\u00e7a local que cancelou a elei\u00e7\u00e3o antecipada de abril. Outra aposta do grupo de Tiquinho e Romildo \u00e9 o prest\u00edgio do deputado Marcelo Nilo (PDT), presidente da Assembl\u00e9ia Legislativa, que tem fama de &#8220;removedor de obst\u00e1culos&#8221; no judici\u00e1rio baiano.<\/p>\n<p>O prazo limite para elei\u00e7\u00e3o da nova mesa da c\u00e2mara \u00e9 31 de dezembro, e a posse dos novos dirigentes \u00e9 em 1\u00ba de janeiro de 2015.<\/p>\n<p>At\u00e9 l\u00e1, muitas \u00e1gua$ v\u00e3o rolar&#8230;<\/p>\n<p><strong><em>Por Davi Ferraz<\/em><\/strong><\/p>\n","protected":false},"excerpt":{"rendered":"<p>No in\u00edcio de abril deste ano, o grupo do prefeito antecipou a elei\u00e7\u00e3o da mesa diretora da C\u00e2mara de Vereadores de Itapetinga, elegendo como novo presidente o vereador Valdeir Chagas (PDT). A articula\u00e7\u00e3o, entretanto, n\u00e3o prosperou, em raz\u00e3o de uma liminar da justi\u00e7a que considerou irregular a elei\u00e7\u00e3o. Da\u00ed em diante, vieram outras tentativas, mas [&hellip;]<\/p>\n","protected":false},"author":2,"featured_media":0,"comment_status":"open","ping_status":"open","sticky":false,"template":"","format":"standard","meta":{"footnotes":"","_links_to":"","_links_to_target":""},"categories":[1],"tags":[],"class_list":["post-44662","post","type-post","status-publish","format-standard","hentry","category-geral"],"views":1315,"_links":{"self":[{"href":"https:\/\/www.sudoestehoje.com.br\/novoportal\/wp-json\/wp\/v2\/posts\/44662","targetHints":{"allow":["GET"]}}],"collection":[{"href":"https:\/\/www.sudoestehoje.com.br\/novoportal\/wp-json\/wp\/v2\/posts"}],"about":[{"href":"https:\/\/www.sudoestehoje.com.br\/novoportal\/wp-json\/wp\/v2\/types\/post"}],"author":[{"embeddable":true,"href":"https:\/\/www.sudoestehoje.com.br\/novoportal\/wp-json\/wp\/v2\/users\/2"}],"replies":[{"embeddable":true,"href":"https:\/\/www.sudoestehoje.com.br\/novoportal\/wp-json\/wp\/v2\/comments?post=44662"}],"version-history":[{"count":9,"href":"https:\/\/www.sudoestehoje.com.br\/novoportal\/wp-json\/wp\/v2\/posts\/44662\/revisions"}],"predecessor-version":[{"id":44725,"href":"https:\/\/www.sudoestehoje.com.br\/novoportal\/wp-json\/wp\/v2\/posts\/44662\/revisions\/44725"}],"wp:attachment":[{"href":"https:\/\/www.sudoestehoje.com.br\/novoportal\/wp-json\/wp\/v2\/media?parent=44662"}],"wp:term":[{"taxonomy":"category","embeddable":true,"href":"https:\/\/www.sudoestehoje.com.br\/novoportal\/wp-json\/wp\/v2\/categories?post=44662"},{"taxonomy":"post_tag","embeddable":true,"href":"https:\/\/www.sudoestehoje.com.br\/novoportal\/wp-json\/wp\/v2\/tags?post=44662"}],"curies":[{"name":"wp","href":"https:\/\/api.w.org\/{rel}","templated":true}]}}