
{"id":44652,"date":"2014-11-21T18:08:45","date_gmt":"2014-11-21T21:08:45","guid":{"rendered":"http:\/\/www.sudoestehoje.com.br\/novoportal\/?p=44652"},"modified":"2014-11-21T18:08:45","modified_gmt":"2014-11-21T21:08:45","slug":"protesto-contra-buraqueira-fecha-ba-262-entre-pocoes-e-nova-canaa","status":"publish","type":"post","link":"https:\/\/www.sudoestehoje.com.br\/novoportal\/2014\/11\/21\/protesto-contra-buraqueira-fecha-ba-262-entre-pocoes-e-nova-canaa\/","title":{"rendered":"PROTESTO CONTRA BURAQUEIRA FECHA BA-262 ENTRE PO\u00c7\u00d5ES E NOVA CANA\u00c3"},"content":{"rendered":"<p><a href=\"http:\/\/www.sudoestehoje.com.br\/novoportal\/wp-content\/uploads\/2014\/11\/BURAQUEIRA-PO\u00c7\u00d5ES.jpg\"><img loading=\"lazy\" decoding=\"async\" class=\"aligncenter size-medium wp-image-44655\" src=\"http:\/\/www.sudoestehoje.com.br\/novoportal\/wp-content\/uploads\/2014\/11\/BURAQUEIRA-PO\u00c7\u00d5ES-500x330.jpg\" alt=\"BURAQUEIRA PO\u00c7\u00d5ES\" width=\"500\" height=\"330\" srcset=\"https:\/\/www.sudoestehoje.com.br\/novoportal\/wp-content\/uploads\/2014\/11\/BURAQUEIRA-PO\u00c7\u00d5ES-500x330.jpg 500w, https:\/\/www.sudoestehoje.com.br\/novoportal\/wp-content\/uploads\/2014\/11\/BURAQUEIRA-PO\u00c7\u00d5ES-700x462.jpg 700w, https:\/\/www.sudoestehoje.com.br\/novoportal\/wp-content\/uploads\/2014\/11\/BURAQUEIRA-PO\u00c7\u00d5ES-150x99.jpg 150w, https:\/\/www.sudoestehoje.com.br\/novoportal\/wp-content\/uploads\/2014\/11\/BURAQUEIRA-PO\u00c7\u00d5ES.jpg 800w\" sizes=\"auto, (max-width: 500px) 100vw, 500px\" \/><\/a><\/p>\n<p>Na manh\u00e3 desta sexta-feira (21), moradores e motoristas interditaram a rodovia BA-262, sentido Po\u00e7\u00f5es\/Nova Cana\u00e3, na altura do KM 05, no povoado de Morrinhos, no munic\u00edpio de Po\u00e7\u00f5es. O objetivo do protesto foi chamar a aten\u00e7\u00e3o do governo do estado quanto \u00e0 situa\u00e7\u00e3o da rodovia, que h\u00e1 mais de um ano est\u00e1 praticamente\u00a0intrafeg\u00e1vel, devido a grande quantidade de buracos na pista.<\/p>\n<p>Os motoristas montaram uma cerca no meio da rodovia e ainda abriram valetas para impedir a passagem de ve\u00edculos.\u00a0 Os manifestantes, na sua maioria motoristas do transporte alternativo, esperavam a presen\u00e7a de algum representante do DERBA no local, algo que n\u00e3o aconteceu.<\/p>\n<p>\u201cN\u00f3s estamos sendo prejudicados com essa buraqueira e agora que choveu a situa\u00e7\u00e3o ficou ainda pior. O governador prometeu, mas n\u00e3o nos d\u00e1 uma reposta quanto \u00e0 recupera\u00e7\u00e3o, n\u00e3o aguentamos mais\u201d,\u00a0disse o morador Manoel da Serra ao Portal Po\u00e7\u00f5es.<\/p>\n<p>Com o fechamento da BA-262, foi formado um grande congestionamento nos dois sentidos da rodovia. A Pol\u00edcia Rodovi\u00e1ria Estadual (PRE) esteve no local e tentou uma negocia\u00e7\u00e3o com os manifestantes, mas sem sucesso at\u00e9 o fechamento desta mat\u00e9ria.<\/p>\n","protected":false},"excerpt":{"rendered":"<p>Na manh\u00e3 desta sexta-feira (21), moradores e motoristas interditaram a rodovia BA-262, sentido Po\u00e7\u00f5es\/Nova Cana\u00e3, na altura do KM 05, no povoado de Morrinhos, no munic\u00edpio de Po\u00e7\u00f5es. O objetivo do protesto foi chamar a aten\u00e7\u00e3o do governo do estado quanto \u00e0 situa\u00e7\u00e3o da rodovia, que h\u00e1 mais de um ano est\u00e1 praticamente\u00a0intrafeg\u00e1vel, devido a [&hellip;]<\/p>\n","protected":false},"author":2,"featured_media":0,"comment_status":"open","ping_status":"open","sticky":false,"template":"","format":"standard","meta":{"footnotes":"","_links_to":"","_links_to_target":""},"categories":[1],"tags":[],"class_list":["post-44652","post","type-post","status-publish","format-standard","hentry","category-geral"],"views":2489,"_links":{"self":[{"href":"https:\/\/www.sudoestehoje.com.br\/novoportal\/wp-json\/wp\/v2\/posts\/44652","targetHints":{"allow":["GET"]}}],"collection":[{"href":"https:\/\/www.sudoestehoje.com.br\/novoportal\/wp-json\/wp\/v2\/posts"}],"about":[{"href":"https:\/\/www.sudoestehoje.com.br\/novoportal\/wp-json\/wp\/v2\/types\/post"}],"author":[{"embeddable":true,"href":"https:\/\/www.sudoestehoje.com.br\/novoportal\/wp-json\/wp\/v2\/users\/2"}],"replies":[{"embeddable":true,"href":"https:\/\/www.sudoestehoje.com.br\/novoportal\/wp-json\/wp\/v2\/comments?post=44652"}],"version-history":[{"count":3,"href":"https:\/\/www.sudoestehoje.com.br\/novoportal\/wp-json\/wp\/v2\/posts\/44652\/revisions"}],"predecessor-version":[{"id":44656,"href":"https:\/\/www.sudoestehoje.com.br\/novoportal\/wp-json\/wp\/v2\/posts\/44652\/revisions\/44656"}],"wp:attachment":[{"href":"https:\/\/www.sudoestehoje.com.br\/novoportal\/wp-json\/wp\/v2\/media?parent=44652"}],"wp:term":[{"taxonomy":"category","embeddable":true,"href":"https:\/\/www.sudoestehoje.com.br\/novoportal\/wp-json\/wp\/v2\/categories?post=44652"},{"taxonomy":"post_tag","embeddable":true,"href":"https:\/\/www.sudoestehoje.com.br\/novoportal\/wp-json\/wp\/v2\/tags?post=44652"}],"curies":[{"name":"wp","href":"https:\/\/api.w.org\/{rel}","templated":true}]}}