
{"id":44648,"date":"2014-11-21T13:12:28","date_gmt":"2014-11-21T16:12:28","guid":{"rendered":"http:\/\/www.sudoestehoje.com.br\/novoportal\/?p=44648"},"modified":"2014-11-21T13:12:28","modified_gmt":"2014-11-21T16:12:28","slug":"primeira-dama-da-bahia-da-livro-com-dedicatoria-a-ze-dirceu","status":"publish","type":"post","link":"https:\/\/www.sudoestehoje.com.br\/novoportal\/2014\/11\/21\/primeira-dama-da-bahia-da-livro-com-dedicatoria-a-ze-dirceu\/","title":{"rendered":"PRIMEIRA-DAMA DA BAHIA D\u00c1 LIVRO COM DEDICAT\u00d3RIA A Z\u00c9 DIRCEU"},"content":{"rendered":"<p>&nbsp;<\/p>\n<p><a href=\"http:\/\/www.sudoestehoje.com.br\/novoportal\/wp-content\/uploads\/2014\/11\/amoooooor.jpg\"><img loading=\"lazy\" decoding=\"async\" class=\"aligncenter  wp-image-44649\" src=\"http:\/\/www.sudoestehoje.com.br\/novoportal\/wp-content\/uploads\/2014\/11\/amoooooor.jpg\" alt=\"amoooooor\" width=\"431\" height=\"245\" srcset=\"https:\/\/www.sudoestehoje.com.br\/novoportal\/wp-content\/uploads\/2014\/11\/amoooooor.jpg 320w, https:\/\/www.sudoestehoje.com.br\/novoportal\/wp-content\/uploads\/2014\/11\/amoooooor-150x85.jpg 150w\" sizes=\"auto, (max-width: 431px) 100vw, 431px\" \/><\/a><\/p>\n<p>A primeira-dama do Estado, F\u00e1tima Mendon\u00e7a, presenteou o amigo Jos\u00e9 Dirceu com um exemplar autografado de seu livro &#8216;Ser Solid\u00e1rio&#8217;; obra resume os oito anos de trabalho t\u00e9cnico, sens\u00edvel e criterioso das Volunt\u00e1rias Sociais da Bahia, institui\u00e7\u00e3o da qual ela \u00e9 presidente; &#8220;Meu amorrrrrrr! Estou contigo sempre&#8221;, escreveu F\u00e1tima, na dedicat\u00f3ria ao ex-ministro.<\/p>\n","protected":false},"excerpt":{"rendered":"<p>&nbsp; A primeira-dama do Estado, F\u00e1tima Mendon\u00e7a, presenteou o amigo Jos\u00e9 Dirceu com um exemplar autografado de seu livro &#8216;Ser Solid\u00e1rio&#8217;; obra resume os oito anos de trabalho t\u00e9cnico, sens\u00edvel e criterioso das Volunt\u00e1rias Sociais da Bahia, institui\u00e7\u00e3o da qual ela \u00e9 presidente; &#8220;Meu amorrrrrrr! Estou contigo sempre&#8221;, escreveu F\u00e1tima, na dedicat\u00f3ria ao ex-ministro.<\/p>\n","protected":false},"author":2,"featured_media":0,"comment_status":"open","ping_status":"open","sticky":false,"template":"","format":"standard","meta":{"footnotes":"","_links_to":"","_links_to_target":""},"categories":[1],"tags":[],"class_list":["post-44648","post","type-post","status-publish","format-standard","hentry","category-geral"],"views":1163,"_links":{"self":[{"href":"https:\/\/www.sudoestehoje.com.br\/novoportal\/wp-json\/wp\/v2\/posts\/44648","targetHints":{"allow":["GET"]}}],"collection":[{"href":"https:\/\/www.sudoestehoje.com.br\/novoportal\/wp-json\/wp\/v2\/posts"}],"about":[{"href":"https:\/\/www.sudoestehoje.com.br\/novoportal\/wp-json\/wp\/v2\/types\/post"}],"author":[{"embeddable":true,"href":"https:\/\/www.sudoestehoje.com.br\/novoportal\/wp-json\/wp\/v2\/users\/2"}],"replies":[{"embeddable":true,"href":"https:\/\/www.sudoestehoje.com.br\/novoportal\/wp-json\/wp\/v2\/comments?post=44648"}],"version-history":[{"count":2,"href":"https:\/\/www.sudoestehoje.com.br\/novoportal\/wp-json\/wp\/v2\/posts\/44648\/revisions"}],"predecessor-version":[{"id":44651,"href":"https:\/\/www.sudoestehoje.com.br\/novoportal\/wp-json\/wp\/v2\/posts\/44648\/revisions\/44651"}],"wp:attachment":[{"href":"https:\/\/www.sudoestehoje.com.br\/novoportal\/wp-json\/wp\/v2\/media?parent=44648"}],"wp:term":[{"taxonomy":"category","embeddable":true,"href":"https:\/\/www.sudoestehoje.com.br\/novoportal\/wp-json\/wp\/v2\/categories?post=44648"},{"taxonomy":"post_tag","embeddable":true,"href":"https:\/\/www.sudoestehoje.com.br\/novoportal\/wp-json\/wp\/v2\/tags?post=44648"}],"curies":[{"name":"wp","href":"https:\/\/api.w.org\/{rel}","templated":true}]}}