
{"id":44642,"date":"2014-11-21T10:00:06","date_gmt":"2014-11-21T13:00:06","guid":{"rendered":"http:\/\/www.sudoestehoje.com.br\/novoportal\/?p=44642"},"modified":"2014-11-21T10:00:06","modified_gmt":"2014-11-21T13:00:06","slug":"novo-ministerio-sera-anunciado-ate-a-proxima-segunda-feira","status":"publish","type":"post","link":"https:\/\/www.sudoestehoje.com.br\/novoportal\/2014\/11\/21\/novo-ministerio-sera-anunciado-ate-a-proxima-segunda-feira\/","title":{"rendered":"NOVO MINIST\u00c9RIO SER\u00c1 ANUNCIADO AT\u00c9 A PR\u00d3XIMA SEGUNDA-FEIRA"},"content":{"rendered":"<p><a href=\"http:\/\/www.sudoestehoje.com.br\/novoportal\/wp-content\/uploads\/2014\/11\/charge-ministerio-governo-dilma.jpg\"><img loading=\"lazy\" decoding=\"async\" class=\"aligncenter size-medium wp-image-44643\" src=\"http:\/\/www.sudoestehoje.com.br\/novoportal\/wp-content\/uploads\/2014\/11\/charge-ministerio-governo-dilma-500x370.jpg\" alt=\"charge-ministerio-governo-dilma\" width=\"500\" height=\"370\" srcset=\"https:\/\/www.sudoestehoje.com.br\/novoportal\/wp-content\/uploads\/2014\/11\/charge-ministerio-governo-dilma-500x370.jpg 500w, https:\/\/www.sudoestehoje.com.br\/novoportal\/wp-content\/uploads\/2014\/11\/charge-ministerio-governo-dilma-150x111.jpg 150w, https:\/\/www.sudoestehoje.com.br\/novoportal\/wp-content\/uploads\/2014\/11\/charge-ministerio-governo-dilma.jpg 608w\" sizes=\"auto, (max-width: 500px) 100vw, 500px\" \/><\/a><\/p>\n<p>A divulga\u00e7\u00e3o da composi\u00e7\u00e3o ministerial no segundo mandato de Dilma pode ser divulgada \u00a0nesta sexta-feira (21) ou na segunda-feira (24), segundo a Folha de S.Paulo. O presidente do banco do Bradesco, Luiz Carlos Trabuco, declinou nesta quarta-feira (20) o pedido da presidente sob a justificativa de assumir uma s\u00e9rie de compromissos profissionais com L\u00e1zaro Brand\u00e3o, presidente do Conselho de Administra\u00e7\u00e3o do banco. Contudo, agradeceu a oferta. Com a recusa, a presidente j\u00e1 cogita tr\u00eas nomes para ocupar o cargo. S\u00e3o eles o atual presidente do Banco do Brasil, Alexandre Tombini, Joaquim Levy (ex-secret\u00e1rio do Tesouro no governo Lula) e Nelson Barbosa (ex-secret\u00e1rio-executivo da Fazenda).<\/p>\n","protected":false},"excerpt":{"rendered":"<p>A divulga\u00e7\u00e3o da composi\u00e7\u00e3o ministerial no segundo mandato de Dilma pode ser divulgada \u00a0nesta sexta-feira (21) ou na segunda-feira (24), segundo a Folha de S.Paulo. O presidente do banco do Bradesco, Luiz Carlos Trabuco, declinou nesta quarta-feira (20) o pedido da presidente sob a justificativa de assumir uma s\u00e9rie de compromissos profissionais com L\u00e1zaro Brand\u00e3o, [&hellip;]<\/p>\n","protected":false},"author":2,"featured_media":0,"comment_status":"open","ping_status":"open","sticky":false,"template":"","format":"standard","meta":{"footnotes":"","_links_to":"","_links_to_target":""},"categories":[1],"tags":[],"class_list":["post-44642","post","type-post","status-publish","format-standard","hentry","category-geral"],"views":1167,"_links":{"self":[{"href":"https:\/\/www.sudoestehoje.com.br\/novoportal\/wp-json\/wp\/v2\/posts\/44642","targetHints":{"allow":["GET"]}}],"collection":[{"href":"https:\/\/www.sudoestehoje.com.br\/novoportal\/wp-json\/wp\/v2\/posts"}],"about":[{"href":"https:\/\/www.sudoestehoje.com.br\/novoportal\/wp-json\/wp\/v2\/types\/post"}],"author":[{"embeddable":true,"href":"https:\/\/www.sudoestehoje.com.br\/novoportal\/wp-json\/wp\/v2\/users\/2"}],"replies":[{"embeddable":true,"href":"https:\/\/www.sudoestehoje.com.br\/novoportal\/wp-json\/wp\/v2\/comments?post=44642"}],"version-history":[{"count":1,"href":"https:\/\/www.sudoestehoje.com.br\/novoportal\/wp-json\/wp\/v2\/posts\/44642\/revisions"}],"predecessor-version":[{"id":44644,"href":"https:\/\/www.sudoestehoje.com.br\/novoportal\/wp-json\/wp\/v2\/posts\/44642\/revisions\/44644"}],"wp:attachment":[{"href":"https:\/\/www.sudoestehoje.com.br\/novoportal\/wp-json\/wp\/v2\/media?parent=44642"}],"wp:term":[{"taxonomy":"category","embeddable":true,"href":"https:\/\/www.sudoestehoje.com.br\/novoportal\/wp-json\/wp\/v2\/categories?post=44642"},{"taxonomy":"post_tag","embeddable":true,"href":"https:\/\/www.sudoestehoje.com.br\/novoportal\/wp-json\/wp\/v2\/tags?post=44642"}],"curies":[{"name":"wp","href":"https:\/\/api.w.org\/{rel}","templated":true}]}}