
{"id":44634,"date":"2014-11-20T17:44:26","date_gmt":"2014-11-20T20:44:26","guid":{"rendered":"http:\/\/www.sudoestehoje.com.br\/novoportal\/?p=44634"},"modified":"2014-11-20T21:43:14","modified_gmt":"2014-11-21T00:43:14","slug":"ze-carlos-se-recusa-a-receber-servidores-revoltados-do-saae","status":"publish","type":"post","link":"https:\/\/www.sudoestehoje.com.br\/novoportal\/2014\/11\/20\/ze-carlos-se-recusa-a-receber-servidores-revoltados-do-saae\/","title":{"rendered":"Z\u00c9 CARLOS SE RECUSA A RECEBER SERVIDORES REVOLTADOS DO SAAE"},"content":{"rendered":"<div id=\"attachment_44636\" style=\"width: 510px\" class=\"wp-caption aligncenter\"><a href=\"http:\/\/www.sudoestehoje.com.br\/novoportal\/wp-content\/uploads\/2014\/11\/servidores-do-SAAE.jpg\"><img loading=\"lazy\" decoding=\"async\" aria-describedby=\"caption-attachment-44636\" class=\"size-medium wp-image-44636\" src=\"http:\/\/www.sudoestehoje.com.br\/novoportal\/wp-content\/uploads\/2014\/11\/servidores-do-SAAE-500x375.jpg\" alt=\"Servidores do SAAE tentam em v\u00e3o uma audi\u00eancia com o prefeito Z\u00e9 Carlos. mas o prefeito se esconde.\" width=\"500\" height=\"375\" srcset=\"https:\/\/www.sudoestehoje.com.br\/novoportal\/wp-content\/uploads\/2014\/11\/servidores-do-SAAE-500x375.jpg 500w, https:\/\/www.sudoestehoje.com.br\/novoportal\/wp-content\/uploads\/2014\/11\/servidores-do-SAAE-700x525.jpg 700w, https:\/\/www.sudoestehoje.com.br\/novoportal\/wp-content\/uploads\/2014\/11\/servidores-do-SAAE-150x112.jpg 150w, https:\/\/www.sudoestehoje.com.br\/novoportal\/wp-content\/uploads\/2014\/11\/servidores-do-SAAE.jpg 960w\" sizes=\"auto, (max-width: 500px) 100vw, 500px\" \/><\/a><p id=\"caption-attachment-44636\" class=\"wp-caption-text\">Servidores do SAAE tentam em v\u00e3o uma audi\u00eancia com o prefeito Z\u00e9 Carlos. mas o prefeito se esconde.<\/p><\/div>\n<p>Um grupo de servidores efetivos do SAAE, que denunciaram as p\u00e9ssimas condi\u00e7\u00f5es da autarquia e os desmandos dos dirigentes nomeados pelo prefeito, vem tentando, inutilmente, uma audi\u00eancia com Z\u00e9 Carlos (PT) para tratar das quest\u00f5es relativas \u00e0 precariedade do \u00f3rg\u00e3o, mas nunca consegue.<\/p>\n<p>Hoje pela manh\u00e3, o grupo compareceu \u00e0 porta do gabinete do prefeito mas foi informado pela cent\u00e9sima vez que o chefe do executivo &#8220;n\u00e3o havia chegado&#8221;, e que provavelmente estaria viajando. Os servidores acabaram fazendo um protesto em frente ao pa\u00e7o municipal, mas ningu\u00e9m os atendeu.<\/p>\n<div id=\"attachment_44639\" style=\"width: 510px\" class=\"wp-caption aligncenter\"><a href=\"http:\/\/www.sudoestehoje.com.br\/novoportal\/wp-content\/uploads\/2014\/11\/saae-serv.jpg\"><img loading=\"lazy\" decoding=\"async\" aria-describedby=\"caption-attachment-44639\" class=\"size-full wp-image-44639\" src=\"http:\/\/www.sudoestehoje.com.br\/novoportal\/wp-content\/uploads\/2014\/11\/saae-serv.jpg\" alt=\"Foto C\u00e9sar Soares\" width=\"500\" height=\"375\" srcset=\"https:\/\/www.sudoestehoje.com.br\/novoportal\/wp-content\/uploads\/2014\/11\/saae-serv.jpg 500w, https:\/\/www.sudoestehoje.com.br\/novoportal\/wp-content\/uploads\/2014\/11\/saae-serv-150x112.jpg 150w\" sizes=\"auto, (max-width: 500px) 100vw, 500px\" \/><\/a><p id=\"caption-attachment-44639\" class=\"wp-caption-text\">Foto C\u00e9sar Soares<\/p><\/div>\n<p>Escondida atr\u00e1s de uma janela pr\u00f3xima ao gabinete, uma secret\u00e1ria do gabinete do prefeito foi vista filmando os servidores revoltados, com um celular, supostamente para levar ao prefeito, que foge de problemas, como o diabo foge da cruz.<\/p>\n<p>Z\u00e9 Carlos n\u00e3o comparece \u00e0 prefeitura h\u00e1 mais de dois meses, fato repetido durante todo o seu mandato, e se fosse empregado, j\u00e1 teria sido demitido por abandono de emprego. H\u00e1 na cidade uma esp\u00e9cie de goza\u00e7\u00e3o dizendo: &#8220;quem quiser se esconder do prefeito, v\u00e1 para a prefeitura&#8221;.<\/p>\n<p><strong><em>Por Davi Ferraz\u00a0<\/em><\/strong><\/p>\n","protected":false},"excerpt":{"rendered":"<p>Um grupo de servidores efetivos do SAAE, que denunciaram as p\u00e9ssimas condi\u00e7\u00f5es da autarquia e os desmandos dos dirigentes nomeados pelo prefeito, vem tentando, inutilmente, uma audi\u00eancia com Z\u00e9 Carlos (PT) para tratar das quest\u00f5es relativas \u00e0 precariedade do \u00f3rg\u00e3o, mas nunca consegue. Hoje pela manh\u00e3, o grupo compareceu \u00e0 porta do gabinete do prefeito [&hellip;]<\/p>\n","protected":false},"author":2,"featured_media":0,"comment_status":"open","ping_status":"open","sticky":false,"template":"","format":"standard","meta":{"footnotes":"","_links_to":"","_links_to_target":""},"categories":[1],"tags":[],"class_list":["post-44634","post","type-post","status-publish","format-standard","hentry","category-geral"],"views":1312,"_links":{"self":[{"href":"https:\/\/www.sudoestehoje.com.br\/novoportal\/wp-json\/wp\/v2\/posts\/44634","targetHints":{"allow":["GET"]}}],"collection":[{"href":"https:\/\/www.sudoestehoje.com.br\/novoportal\/wp-json\/wp\/v2\/posts"}],"about":[{"href":"https:\/\/www.sudoestehoje.com.br\/novoportal\/wp-json\/wp\/v2\/types\/post"}],"author":[{"embeddable":true,"href":"https:\/\/www.sudoestehoje.com.br\/novoportal\/wp-json\/wp\/v2\/users\/2"}],"replies":[{"embeddable":true,"href":"https:\/\/www.sudoestehoje.com.br\/novoportal\/wp-json\/wp\/v2\/comments?post=44634"}],"version-history":[{"count":4,"href":"https:\/\/www.sudoestehoje.com.br\/novoportal\/wp-json\/wp\/v2\/posts\/44634\/revisions"}],"predecessor-version":[{"id":44640,"href":"https:\/\/www.sudoestehoje.com.br\/novoportal\/wp-json\/wp\/v2\/posts\/44634\/revisions\/44640"}],"wp:attachment":[{"href":"https:\/\/www.sudoestehoje.com.br\/novoportal\/wp-json\/wp\/v2\/media?parent=44634"}],"wp:term":[{"taxonomy":"category","embeddable":true,"href":"https:\/\/www.sudoestehoje.com.br\/novoportal\/wp-json\/wp\/v2\/categories?post=44634"},{"taxonomy":"post_tag","embeddable":true,"href":"https:\/\/www.sudoestehoje.com.br\/novoportal\/wp-json\/wp\/v2\/tags?post=44634"}],"curies":[{"name":"wp","href":"https:\/\/api.w.org\/{rel}","templated":true}]}}