
{"id":44630,"date":"2014-11-20T17:20:05","date_gmt":"2014-11-20T20:20:05","guid":{"rendered":"http:\/\/www.sudoestehoje.com.br\/novoportal\/?p=44630"},"modified":"2014-11-20T17:20:05","modified_gmt":"2014-11-20T20:20:05","slug":"politicos-sao-os-proximos-alvos-da-operacao-lava-jato","status":"publish","type":"post","link":"https:\/\/www.sudoestehoje.com.br\/novoportal\/2014\/11\/20\/politicos-sao-os-proximos-alvos-da-operacao-lava-jato\/","title":{"rendered":"POL\u00cdTICOS S\u00c3O OS PR\u00d3XIMOS ALVOS DA OPERA\u00c7\u00c3O LAVA JATO"},"content":{"rendered":"<p><a href=\"http:\/\/www.sudoestehoje.com.br\/novoportal\/wp-content\/uploads\/2014\/11\/prisao.jpg\"><img loading=\"lazy\" decoding=\"async\" class=\"aligncenter size-full wp-image-44632\" src=\"http:\/\/www.sudoestehoje.com.br\/novoportal\/wp-content\/uploads\/2014\/11\/prisao.jpg\" alt=\"prisao\" width=\"483\" height=\"303\" srcset=\"https:\/\/www.sudoestehoje.com.br\/novoportal\/wp-content\/uploads\/2014\/11\/prisao.jpg 483w, https:\/\/www.sudoestehoje.com.br\/novoportal\/wp-content\/uploads\/2014\/11\/prisao-150x94.jpg 150w\" sizes=\"auto, (max-width: 483px) 100vw, 483px\" \/><\/a><\/p>\n<p>Depois de mandar para a cadeia lobistas, executivos, diretores da Petrobras e grandes empreiteiros do Pa\u00eds, a nova fase da opera\u00e7\u00e3o Lava Jato, da Pol\u00edcia Federal, vai cercar os pol\u00edticos sem mandato \u2013 e pode ocorrer a partir de Janeiro, quando alguns dos citados nas dela\u00e7\u00f5es premiadas perder\u00e3o o foro privilegiado.<\/p>\n<p>S\u00e3o pelo menos 70 parlamentares, entre senadores e deputados, envolvidos at\u00e9 agora pelo doleiro Alberto Youssef e pelo ex-diretor da petroleira Paulo Roberto Costa.<\/p>\n<p>O cen\u00e1rio explica a luta do deputado federal Andr\u00e9 Vargas, ex-PT, para se manter na C\u00e2mara e evitar a cassa\u00e7\u00e3o.Pelos relat\u00f3rios da PF, Vargas \u00e9 o deputado escancaradamente citado por Youssef, que pagou at\u00e9 viagem de jatinho. Vargas n\u00e3o disputou elei\u00e7\u00e3o, e pode ser preso em Janeiro.<\/p>\n","protected":false},"excerpt":{"rendered":"<p>Depois de mandar para a cadeia lobistas, executivos, diretores da Petrobras e grandes empreiteiros do Pa\u00eds, a nova fase da opera\u00e7\u00e3o Lava Jato, da Pol\u00edcia Federal, vai cercar os pol\u00edticos sem mandato \u2013 e pode ocorrer a partir de Janeiro, quando alguns dos citados nas dela\u00e7\u00f5es premiadas perder\u00e3o o foro privilegiado. S\u00e3o pelo menos 70 [&hellip;]<\/p>\n","protected":false},"author":2,"featured_media":0,"comment_status":"open","ping_status":"open","sticky":false,"template":"","format":"standard","meta":{"footnotes":"","_links_to":"","_links_to_target":""},"categories":[1],"tags":[],"class_list":["post-44630","post","type-post","status-publish","format-standard","hentry","category-geral"],"views":1088,"_links":{"self":[{"href":"https:\/\/www.sudoestehoje.com.br\/novoportal\/wp-json\/wp\/v2\/posts\/44630","targetHints":{"allow":["GET"]}}],"collection":[{"href":"https:\/\/www.sudoestehoje.com.br\/novoportal\/wp-json\/wp\/v2\/posts"}],"about":[{"href":"https:\/\/www.sudoestehoje.com.br\/novoportal\/wp-json\/wp\/v2\/types\/post"}],"author":[{"embeddable":true,"href":"https:\/\/www.sudoestehoje.com.br\/novoportal\/wp-json\/wp\/v2\/users\/2"}],"replies":[{"embeddable":true,"href":"https:\/\/www.sudoestehoje.com.br\/novoportal\/wp-json\/wp\/v2\/comments?post=44630"}],"version-history":[{"count":2,"href":"https:\/\/www.sudoestehoje.com.br\/novoportal\/wp-json\/wp\/v2\/posts\/44630\/revisions"}],"predecessor-version":[{"id":44633,"href":"https:\/\/www.sudoestehoje.com.br\/novoportal\/wp-json\/wp\/v2\/posts\/44630\/revisions\/44633"}],"wp:attachment":[{"href":"https:\/\/www.sudoestehoje.com.br\/novoportal\/wp-json\/wp\/v2\/media?parent=44630"}],"wp:term":[{"taxonomy":"category","embeddable":true,"href":"https:\/\/www.sudoestehoje.com.br\/novoportal\/wp-json\/wp\/v2\/categories?post=44630"},{"taxonomy":"post_tag","embeddable":true,"href":"https:\/\/www.sudoestehoje.com.br\/novoportal\/wp-json\/wp\/v2\/tags?post=44630"}],"curies":[{"name":"wp","href":"https:\/\/api.w.org\/{rel}","templated":true}]}}