
{"id":44615,"date":"2014-11-20T00:04:03","date_gmt":"2014-11-20T03:04:03","guid":{"rendered":"http:\/\/www.sudoestehoje.com.br\/novoportal\/?p=44615"},"modified":"2014-11-20T00:32:35","modified_gmt":"2014-11-20T03:32:35","slug":"ibicui-prefeita-gilnay-tem-contas-rejeitadas-e-representacao-ao-mp","status":"publish","type":"post","link":"https:\/\/www.sudoestehoje.com.br\/novoportal\/2014\/11\/20\/ibicui-prefeita-gilnay-tem-contas-rejeitadas-e-representacao-ao-mp\/","title":{"rendered":"PREFEITA E EX-PREFEITO DE IBICU\u00cd T\u00caM CONTAS REJEITADAS PELO TCM"},"content":{"rendered":"<div id=\"attachment_44619\" style=\"width: 510px\" class=\"wp-caption aligncenter\"><a href=\"http:\/\/www.sudoestehoje.com.br\/novoportal\/wp-content\/uploads\/2014\/11\/gilnay-e-corn\u00e9lio.jpg\"><img loading=\"lazy\" decoding=\"async\" aria-describedby=\"caption-attachment-44619\" class=\" wp-image-44619\" src=\"http:\/\/www.sudoestehoje.com.br\/novoportal\/wp-content\/uploads\/2014\/11\/gilnay-e-corn\u00e9lio.jpg\" alt=\"O TCM rejeitou as contas da prefeita Gilnay e do seu antecessor, o falecido Corn\u00e9lio, encaminhando representa\u00e7\u00e3o ao MP.\" width=\"500\" height=\"316\" srcset=\"https:\/\/www.sudoestehoje.com.br\/novoportal\/wp-content\/uploads\/2014\/11\/gilnay-e-corn\u00e9lio.jpg 400w, https:\/\/www.sudoestehoje.com.br\/novoportal\/wp-content\/uploads\/2014\/11\/gilnay-e-corn\u00e9lio-150x94.jpg 150w\" sizes=\"auto, (max-width: 500px) 100vw, 500px\" \/><\/a><p id=\"caption-attachment-44619\" class=\"wp-caption-text\">O TCM rejeitou as contas do exerc\u00edcio de 2013 da prefeita Gilnay e do seu antecessor, o falecido Corn\u00e9lio, encaminhando representa\u00e7\u00e3o ao MP contra a prefeita.<\/p><\/div>\n<p class=\"western\" align=\"JUSTIFY\">Nesta quarta-feira (19), o Tribunal de Contas dos Munic\u00edpios reprovou as contas da Prefeitura de Ibicu\u00ed, da responsabilidade de Abel Corn\u00e9lio de Morais Filho, no per\u00edodo de 01\/01 a 16\/06, e Gilnay Cunha Santana, de 17\/06 a 31\/12, relativas ao exerc\u00edcio de 2013, deixando-se de imputar multa ao primeiro gestor em raz\u00e3o do seu falecimento.<\/p>\n<p class=\"western\" align=\"JUSTIFY\">As contas foram consideradas irregulares em virtude da ocorr\u00eancia de casos de processos licitat\u00f3rios n\u00e3o encaminhados, no total de R$ 2.529.900,00, processos de dispensa ou inexigibilidade n\u00e3o apresentados, na quantia de R$543.032,64 e fragmenta\u00e7\u00e3o de despesa, artif\u00edcio que caracteriza fuga ao procedimento licitat\u00f3rio, no valor de R$ 42.974,50. Al\u00e9m disso, a administra\u00e7\u00e3o realizou a abertura de cr\u00e9dito adicional suplementar sem pr\u00e9via autoriza\u00e7\u00e3o legislativa na quantia de R$ 479.000,00.<\/p>\n<p class=\"western\" align=\"JUSTIFY\">O relator, conselheiro Fernando Vita, determinou a formula\u00e7\u00e3o de representa\u00e7\u00e3o ao Minist\u00e9rio P\u00fablico contra a gestora pelas graves irregularidades praticadas, aplicou multa de R$ 15 mil, pelas falhas contidas no parecer, e outra de R$ 31.200,00, por n\u00e3o ter reduzido a despesa total com pessoal. TCM<\/p>\n","protected":false},"excerpt":{"rendered":"<p>Nesta quarta-feira (19), o Tribunal de Contas dos Munic\u00edpios reprovou as contas da Prefeitura de Ibicu\u00ed, da responsabilidade de Abel Corn\u00e9lio de Morais Filho, no per\u00edodo de 01\/01 a 16\/06, e Gilnay Cunha Santana, de 17\/06 a 31\/12, relativas ao exerc\u00edcio de 2013, deixando-se de imputar multa ao primeiro gestor em raz\u00e3o do seu falecimento. [&hellip;]<\/p>\n","protected":false},"author":2,"featured_media":0,"comment_status":"open","ping_status":"open","sticky":false,"template":"","format":"standard","meta":{"footnotes":"","_links_to":"","_links_to_target":""},"categories":[1],"tags":[],"class_list":["post-44615","post","type-post","status-publish","format-standard","hentry","category-geral"],"views":1285,"_links":{"self":[{"href":"https:\/\/www.sudoestehoje.com.br\/novoportal\/wp-json\/wp\/v2\/posts\/44615","targetHints":{"allow":["GET"]}}],"collection":[{"href":"https:\/\/www.sudoestehoje.com.br\/novoportal\/wp-json\/wp\/v2\/posts"}],"about":[{"href":"https:\/\/www.sudoestehoje.com.br\/novoportal\/wp-json\/wp\/v2\/types\/post"}],"author":[{"embeddable":true,"href":"https:\/\/www.sudoestehoje.com.br\/novoportal\/wp-json\/wp\/v2\/users\/2"}],"replies":[{"embeddable":true,"href":"https:\/\/www.sudoestehoje.com.br\/novoportal\/wp-json\/wp\/v2\/comments?post=44615"}],"version-history":[{"count":5,"href":"https:\/\/www.sudoestehoje.com.br\/novoportal\/wp-json\/wp\/v2\/posts\/44615\/revisions"}],"predecessor-version":[{"id":44622,"href":"https:\/\/www.sudoestehoje.com.br\/novoportal\/wp-json\/wp\/v2\/posts\/44615\/revisions\/44622"}],"wp:attachment":[{"href":"https:\/\/www.sudoestehoje.com.br\/novoportal\/wp-json\/wp\/v2\/media?parent=44615"}],"wp:term":[{"taxonomy":"category","embeddable":true,"href":"https:\/\/www.sudoestehoje.com.br\/novoportal\/wp-json\/wp\/v2\/categories?post=44615"},{"taxonomy":"post_tag","embeddable":true,"href":"https:\/\/www.sudoestehoje.com.br\/novoportal\/wp-json\/wp\/v2\/tags?post=44615"}],"curies":[{"name":"wp","href":"https:\/\/api.w.org\/{rel}","templated":true}]}}