
{"id":44604,"date":"2014-11-19T12:27:43","date_gmt":"2014-11-19T15:27:43","guid":{"rendered":"http:\/\/www.sudoestehoje.com.br\/novoportal\/?p=44604"},"modified":"2014-11-19T12:27:43","modified_gmt":"2014-11-19T15:27:43","slug":"rui-vai-extinguir-3-secretarias","status":"publish","type":"post","link":"https:\/\/www.sudoestehoje.com.br\/novoportal\/2014\/11\/19\/rui-vai-extinguir-3-secretarias\/","title":{"rendered":"RUI VAI EXTINGUIR 3 SECRETARIAS"},"content":{"rendered":"<p><a href=\"http:\/\/www.sudoestehoje.com.br\/novoportal\/wp-content\/uploads\/2014\/11\/RUI.jpg\"><img loading=\"lazy\" decoding=\"async\" class=\"aligncenter size-full wp-image-44605\" src=\"http:\/\/www.sudoestehoje.com.br\/novoportal\/wp-content\/uploads\/2014\/11\/RUI.jpg\" alt=\"RUI\" width=\"500\" height=\"306\" srcset=\"https:\/\/www.sudoestehoje.com.br\/novoportal\/wp-content\/uploads\/2014\/11\/RUI.jpg 500w, https:\/\/www.sudoestehoje.com.br\/novoportal\/wp-content\/uploads\/2014\/11\/RUI-150x91.jpg 150w\" sizes=\"auto, (max-width: 500px) 100vw, 500px\" \/><\/a><\/p>\n<p>Segundo a coluna Tempo Presente, do jornal A Tarde, publicada nesta quarta-feira (19), o governador eleito Rui Costa (PT) vai enxugar a m\u00e1quina estadual e acabar com, pelo menos, tr\u00eas secretarias e mais alguns \u00f3rg\u00e3os. Ainda de acordo com a publica\u00e7\u00e3o, as conversas com os presidentes de partidos aliados j\u00e1 come\u00e7ou para saber o que eles querem do governo. A promessa do governador eleito \u00e9 que o secretariado seja apresentado at\u00e9 o dia 10 de dezembro. Ele afirmou que j\u00e1 cogita nomes para ocupar algumas secretarias, mas ainda n\u00e3o houve uma conversa oficial sobre a quest\u00e3o.<\/p>\n","protected":false},"excerpt":{"rendered":"<p>Segundo a coluna Tempo Presente, do jornal A Tarde, publicada nesta quarta-feira (19), o governador eleito Rui Costa (PT) vai enxugar a m\u00e1quina estadual e acabar com, pelo menos, tr\u00eas secretarias e mais alguns \u00f3rg\u00e3os. Ainda de acordo com a publica\u00e7\u00e3o, as conversas com os presidentes de partidos aliados j\u00e1 come\u00e7ou para saber o que [&hellip;]<\/p>\n","protected":false},"author":2,"featured_media":0,"comment_status":"open","ping_status":"open","sticky":false,"template":"","format":"standard","meta":{"footnotes":"","_links_to":"","_links_to_target":""},"categories":[1],"tags":[],"class_list":["post-44604","post","type-post","status-publish","format-standard","hentry","category-geral"],"views":1086,"_links":{"self":[{"href":"https:\/\/www.sudoestehoje.com.br\/novoportal\/wp-json\/wp\/v2\/posts\/44604","targetHints":{"allow":["GET"]}}],"collection":[{"href":"https:\/\/www.sudoestehoje.com.br\/novoportal\/wp-json\/wp\/v2\/posts"}],"about":[{"href":"https:\/\/www.sudoestehoje.com.br\/novoportal\/wp-json\/wp\/v2\/types\/post"}],"author":[{"embeddable":true,"href":"https:\/\/www.sudoestehoje.com.br\/novoportal\/wp-json\/wp\/v2\/users\/2"}],"replies":[{"embeddable":true,"href":"https:\/\/www.sudoestehoje.com.br\/novoportal\/wp-json\/wp\/v2\/comments?post=44604"}],"version-history":[{"count":1,"href":"https:\/\/www.sudoestehoje.com.br\/novoportal\/wp-json\/wp\/v2\/posts\/44604\/revisions"}],"predecessor-version":[{"id":44606,"href":"https:\/\/www.sudoestehoje.com.br\/novoportal\/wp-json\/wp\/v2\/posts\/44604\/revisions\/44606"}],"wp:attachment":[{"href":"https:\/\/www.sudoestehoje.com.br\/novoportal\/wp-json\/wp\/v2\/media?parent=44604"}],"wp:term":[{"taxonomy":"category","embeddable":true,"href":"https:\/\/www.sudoestehoje.com.br\/novoportal\/wp-json\/wp\/v2\/categories?post=44604"},{"taxonomy":"post_tag","embeddable":true,"href":"https:\/\/www.sudoestehoje.com.br\/novoportal\/wp-json\/wp\/v2\/tags?post=44604"}],"curies":[{"name":"wp","href":"https:\/\/api.w.org\/{rel}","templated":true}]}}